{"id":9782,"date":"2022-07-06T23:31:00","date_gmt":"2022-07-06T21:31:00","guid":{"rendered":"https:\/\/www.handball-ulm.de\/?p=9782"},"modified":"2023-03-22T23:48:01","modified_gmt":"2023-03-22T22:48:01","slug":"neuer-vorstand-unseres-foerdervereins-2000-e-v","status":"publish","type":"post","link":"https:\/\/www.handball-ulm.de\/?p=9782","title":{"rendered":"Neuer Vorstand unseres F\u00f6rdervereins 2000 e.V."},"content":{"rendered":"\n<figure class=\"wp-block-image size-large\"><img loading=\"lazy\" decoding=\"async\" width=\"1024\" height=\"768\" src=\"https:\/\/www.handball-ulm.de\/wp-content\/uploads\/2022\/07\/F\u00f6Ve_neujpg-1024x768.jpg\" alt=\"\" class=\"wp-image-9783\" srcset=\"https:\/\/www.handball-ulm.de\/wp-content\/uploads\/2022\/07\/F\u00f6Ve_neujpg-1024x768.jpg 1024w, https:\/\/www.handball-ulm.de\/wp-content\/uploads\/2022\/07\/F\u00f6Ve_neujpg-300x225.jpg 300w, https:\/\/www.handball-ulm.de\/wp-content\/uploads\/2022\/07\/F\u00f6Ve_neujpg-768x576.jpg 768w, https:\/\/www.handball-ulm.de\/wp-content\/uploads\/2022\/07\/F\u00f6Ve_neujpg-1170x877.jpg 1170w, https:\/\/www.handball-ulm.de\/wp-content\/uploads\/2022\/07\/F\u00f6Ve_neujpg.jpg 1359w\" sizes=\"(max-width: 1024px) 100vw, 1024px\" \/><\/figure>\n\n\n\n<p>Neuer Vorstand unseres F\u00f6rdervereins 2000 e.V.<br><br>Gestern Abend trafen sich die Mitglieder unseres F\u00f6rdervereins. Die Wahl des neuen Vorstandes stand auf der Agenda.<br><br>Wir sind gl\u00fccklich, euch, den neuen Vorstand vorstellen zu d\u00fcrfen \ud83e\udd29<br>Horst Wagner \u00fcbernimmt mit Alfred Bognar als Stellvertreter den 1. Vorsitz. Vielen Dank!<br><br>Auf dem Bild der gesamte Vorstand. Es fehlen noch Irina, Kalle und Alexander.<br><br>Wir freuen uns auf die gute Zusammenarbeit und eure Arbeit<\/p>\n","protected":false},"excerpt":{"rendered":"<p>Vielen Dank!<\/p>\n<br\/><br\/><a class=\"read-more\" href=\"https:\/\/www.handball-ulm.de\/?p=9782\"> Mehr lesen...<\/a>","protected":false},"author":10,"featured_media":9785,"comment_status":"closed","ping_status":"closed","sticky":false,"template":"","format":"standard","meta":{"ngg_post_thumbnail":0,"footnotes":""},"categories":[84,80,63],"tags":[],"_links":{"self":[{"href":"https:\/\/www.handball-ulm.de\/index.php?rest_route=\/wp\/v2\/posts\/9782"}],"collection":[{"href":"https:\/\/www.handball-ulm.de\/index.php?rest_route=\/wp\/v2\/posts"}],"about":[{"href":"https:\/\/www.handball-ulm.de\/index.php?rest_route=\/wp\/v2\/types\/post"}],"author":[{"embeddable":true,"href":"https:\/\/www.handball-ulm.de\/index.php?rest_route=\/wp\/v2\/users\/10"}],"replies":[{"embeddable":true,"href":"https:\/\/www.handball-ulm.de\/index.php?rest_route=%2Fwp%2Fv2%2Fcomments&post=9782"}],"version-history":[{"count":2,"href":"https:\/\/www.handball-ulm.de\/index.php?rest_route=\/wp\/v2\/posts\/9782\/revisions"}],"predecessor-version":[{"id":9787,"href":"https:\/\/www.handball-ulm.de\/index.php?rest_route=\/wp\/v2\/posts\/9782\/revisions\/9787"}],"wp:featuredmedia":[{"embeddable":true,"href":"https:\/\/www.handball-ulm.de\/index.php?rest_route=\/wp\/v2\/media\/9785"}],"wp:attachment":[{"href":"https:\/\/www.handball-ulm.de\/index.php?rest_route=%2Fwp%2Fv2%2Fmedia&parent=9782"}],"wp:term":[{"taxonomy":"category","embeddable":true,"href":"https:\/\/www.handball-ulm.de\/index.php?rest_route=%2Fwp%2Fv2%2Fcategories&post=9782"},{"taxonomy":"post_tag","embeddable":true,"href":"https:\/\/www.handball-ulm.de\/index.php?rest_route=%2Fwp%2Fv2%2Ftags&post=9782"}],"curies":[{"name":"wp","href":"https:\/\/api.w.org\/{rel}","templated":true}]}}