{"id":9759,"date":"2022-06-26T21:57:00","date_gmt":"2022-06-26T19:57:00","guid":{"rendered":"https:\/\/www.handball-ulm.de\/?p=9759"},"modified":"2022-06-30T22:02:52","modified_gmt":"2022-06-30T20:02:52","slug":"huettenwochenende","status":"publish","type":"post","link":"https:\/\/www.handball-ulm.de\/?p=9759","title":{"rendered":"H\u00fcttenwochenende"},"content":{"rendered":"\n<p>Unsere Frauen 1 und 2 auf der H\u00fctte in Missen im Allg\u00e4u.<\/p>\n\n\n\n<p>Zum Saisonbeginn der beiden Frauenmannschaften fuhren alle gemeinsam am Freitagnachmittag auf eine H\u00fctte in Missen im Allg\u00e4u. Dieses Mal waren auch viele junge Spielerinnen aus der A- Jugend dabei, die die Frauenmannschaften in der n\u00e4chsten Saison unterst\u00fctzen werden. <\/p>\n\n\n\n<p>Am Samstag ging es los zu einer Wanderung in den Bergen. Trotz der Anstrengung hatten alle sehr viel Spa\u00df. <\/p>\n\n\n\n<p>Jetzt geht es mit den Saisonvorbereitungen f\u00fcr die Bezirksklasse und die Kreisliga weiter.<br>Ein gro\u00dfes Dankesch\u00f6n an die gute Organisierung des Wochenendes.<\/p>\n\n\n\n<figure class=\"wp-block-image size-large\"><img loading=\"lazy\" decoding=\"async\" width=\"1024\" height=\"605\" src=\"https:\/\/www.handball-ulm.de\/wp-content\/uploads\/2022\/06\/WhatsApp-Image-2022-06-30-at-07.31.38.jpeg\" alt=\"\" class=\"wp-image-9760\" srcset=\"https:\/\/www.handball-ulm.de\/wp-content\/uploads\/2022\/06\/WhatsApp-Image-2022-06-30-at-07.31.38.jpeg 1024w, https:\/\/www.handball-ulm.de\/wp-content\/uploads\/2022\/06\/WhatsApp-Image-2022-06-30-at-07.31.38-300x177.jpeg 300w, https:\/\/www.handball-ulm.de\/wp-content\/uploads\/2022\/06\/WhatsApp-Image-2022-06-30-at-07.31.38-768x454.jpeg 768w\" sizes=\"(max-width: 1024px) 100vw, 1024px\" \/><\/figure>\n\n\n\n<figure class=\"wp-block-gallery columns-2 is-cropped wp-block-gallery-1 is-layout-flex wp-block-gallery-is-layout-flex\"><ul class=\"blocks-gallery-grid\"><li class=\"blocks-gallery-item\"><figure><img loading=\"lazy\" decoding=\"async\" width=\"1024\" height=\"768\" src=\"https:\/\/www.handball-ulm.de\/wp-content\/uploads\/2022\/06\/WhatsApp-Image-2022-06-30-at-07.31.37-1024x768.jpeg\" alt=\"\" data-id=\"9761\" data-full-url=\"https:\/\/www.handball-ulm.de\/wp-content\/uploads\/2022\/06\/WhatsApp-Image-2022-06-30-at-07.31.37.jpeg\" data-link=\"https:\/\/www.handball-ulm.de\/?attachment_id=9761\" class=\"wp-image-9761\" srcset=\"https:\/\/www.handball-ulm.de\/wp-content\/uploads\/2022\/06\/WhatsApp-Image-2022-06-30-at-07.31.37-1024x768.jpeg 1024w, https:\/\/www.handball-ulm.de\/wp-content\/uploads\/2022\/06\/WhatsApp-Image-2022-06-30-at-07.31.37-300x225.jpeg 300w, https:\/\/www.handball-ulm.de\/wp-content\/uploads\/2022\/06\/WhatsApp-Image-2022-06-30-at-07.31.37-768x576.jpeg 768w, https:\/\/www.handball-ulm.de\/wp-content\/uploads\/2022\/06\/WhatsApp-Image-2022-06-30-at-07.31.37-1536x1152.jpeg 1536w, https:\/\/www.handball-ulm.de\/wp-content\/uploads\/2022\/06\/WhatsApp-Image-2022-06-30-at-07.31.37-1170x878.jpeg 1170w, https:\/\/www.handball-ulm.de\/wp-content\/uploads\/2022\/06\/WhatsApp-Image-2022-06-30-at-07.31.37.jpeg 2048w\" sizes=\"(max-width: 1024px) 100vw, 1024px\" \/><\/figure><\/li><li class=\"blocks-gallery-item\"><figure><img loading=\"lazy\" decoding=\"async\" width=\"1024\" height=\"768\" src=\"https:\/\/www.handball-ulm.de\/wp-content\/uploads\/2022\/06\/WhatsApp-Image-2022-06-30-at-07.32.07-1024x768.jpeg\" alt=\"\" data-id=\"9762\" data-full-url=\"https:\/\/www.handball-ulm.de\/wp-content\/uploads\/2022\/06\/WhatsApp-Image-2022-06-30-at-07.32.07.jpeg\" data-link=\"https:\/\/www.handball-ulm.de\/?attachment_id=9762\" class=\"wp-image-9762\" srcset=\"https:\/\/www.handball-ulm.de\/wp-content\/uploads\/2022\/06\/WhatsApp-Image-2022-06-30-at-07.32.07-1024x768.jpeg 1024w, https:\/\/www.handball-ulm.de\/wp-content\/uploads\/2022\/06\/WhatsApp-Image-2022-06-30-at-07.32.07-300x225.jpeg 300w, https:\/\/www.handball-ulm.de\/wp-content\/uploads\/2022\/06\/WhatsApp-Image-2022-06-30-at-07.32.07-768x576.jpeg 768w, https:\/\/www.handball-ulm.de\/wp-content\/uploads\/2022\/06\/WhatsApp-Image-2022-06-30-at-07.32.07-1536x1152.jpeg 1536w, https:\/\/www.handball-ulm.de\/wp-content\/uploads\/2022\/06\/WhatsApp-Image-2022-06-30-at-07.32.07-1170x878.jpeg 1170w, https:\/\/www.handball-ulm.de\/wp-content\/uploads\/2022\/06\/WhatsApp-Image-2022-06-30-at-07.32.07.jpeg 2048w\" sizes=\"(max-width: 1024px) 100vw, 1024px\" \/><\/figure><\/li><\/ul><\/figure>\n","protected":false},"excerpt":{"rendered":"<p>H\u00fcttenfeeling<\/p>\n<br\/><br\/><a class=\"read-more\" href=\"https:\/\/www.handball-ulm.de\/?p=9759\"> Mehr lesen...<\/a>","protected":false},"author":10,"featured_media":9763,"comment_status":"closed","ping_status":"closed","sticky":false,"template":"","format":"standard","meta":{"ngg_post_thumbnail":0,"footnotes":""},"categories":[80,13,14,8,63],"tags":[],"_links":{"self":[{"href":"https:\/\/www.handball-ulm.de\/index.php?rest_route=\/wp\/v2\/posts\/9759"}],"collection":[{"href":"https:\/\/www.handball-ulm.de\/index.php?rest_route=\/wp\/v2\/posts"}],"about":[{"href":"https:\/\/www.handball-ulm.de\/index.php?rest_route=\/wp\/v2\/types\/post"}],"author":[{"embeddable":true,"href":"https:\/\/www.handball-ulm.de\/index.php?rest_route=\/wp\/v2\/users\/10"}],"replies":[{"embeddable":true,"href":"https:\/\/www.handball-ulm.de\/index.php?rest_route=%2Fwp%2Fv2%2Fcomments&post=9759"}],"version-history":[{"count":1,"href":"https:\/\/www.handball-ulm.de\/index.php?rest_route=\/wp\/v2\/posts\/9759\/revisions"}],"predecessor-version":[{"id":9764,"href":"https:\/\/www.handball-ulm.de\/index.php?rest_route=\/wp\/v2\/posts\/9759\/revisions\/9764"}],"wp:featuredmedia":[{"embeddable":true,"href":"https:\/\/www.handball-ulm.de\/index.php?rest_route=\/wp\/v2\/media\/9763"}],"wp:attachment":[{"href":"https:\/\/www.handball-ulm.de\/index.php?rest_route=%2Fwp%2Fv2%2Fmedia&parent=9759"}],"wp:term":[{"taxonomy":"category","embeddable":true,"href":"https:\/\/www.handball-ulm.de\/index.php?rest_route=%2Fwp%2Fv2%2Fcategories&post=9759"},{"taxonomy":"post_tag","embeddable":true,"href":"https:\/\/www.handball-ulm.de\/index.php?rest_route=%2Fwp%2Fv2%2Ftags&post=9759"}],"curies":[{"name":"wp","href":"https:\/\/api.w.org\/{rel}","templated":true}]}}