{"id":9658,"date":"2022-05-28T16:02:25","date_gmt":"2022-05-28T14:02:25","guid":{"rendered":"https:\/\/www.handball-ulm.de\/?p=9658"},"modified":"2022-06-01T23:21:42","modified_gmt":"2022-06-01T21:21:42","slug":"unsere-maenner-1-auf-kulturreise-in-plzen","status":"publish","type":"post","link":"https:\/\/www.handball-ulm.de\/?p=9658","title":{"rendered":"Unsere M\u00e4nner 1 auf Kulturreise in Plzen"},"content":{"rendered":"\n<figure class=\"wp-block-image size-large\"><img loading=\"lazy\" decoding=\"async\" width=\"1024\" height=\"457\" src=\"https:\/\/www.handball-ulm.de\/wp-content\/uploads\/2022\/05\/WhatsApp-Image-2022-05-27-at-15.17.09-1024x457.jpeg\" alt=\"\" class=\"wp-image-9659\" srcset=\"https:\/\/www.handball-ulm.de\/wp-content\/uploads\/2022\/05\/WhatsApp-Image-2022-05-27-at-15.17.09-1024x457.jpeg 1024w, https:\/\/www.handball-ulm.de\/wp-content\/uploads\/2022\/05\/WhatsApp-Image-2022-05-27-at-15.17.09-300x134.jpeg 300w, https:\/\/www.handball-ulm.de\/wp-content\/uploads\/2022\/05\/WhatsApp-Image-2022-05-27-at-15.17.09-768x343.jpeg 768w, https:\/\/www.handball-ulm.de\/wp-content\/uploads\/2022\/05\/WhatsApp-Image-2022-05-27-at-15.17.09-1170x522.jpeg 1170w, https:\/\/www.handball-ulm.de\/wp-content\/uploads\/2022\/05\/WhatsApp-Image-2022-05-27-at-15.17.09.jpeg 1431w\" sizes=\"(max-width: 1024px) 100vw, 1024px\" \/><\/figure>\n\n\n\n<figure class=\"wp-block-image size-large\"><img loading=\"lazy\" decoding=\"async\" width=\"1024\" height=\"683\" src=\"https:\/\/www.handball-ulm.de\/wp-content\/uploads\/2022\/05\/WhatsApp-Image-2022-05-28-at-15.29.14-1-1024x683.jpeg\" alt=\"\" class=\"wp-image-9673\" srcset=\"https:\/\/www.handball-ulm.de\/wp-content\/uploads\/2022\/05\/WhatsApp-Image-2022-05-28-at-15.29.14-1-1024x683.jpeg 1024w, https:\/\/www.handball-ulm.de\/wp-content\/uploads\/2022\/05\/WhatsApp-Image-2022-05-28-at-15.29.14-1-300x200.jpeg 300w, https:\/\/www.handball-ulm.de\/wp-content\/uploads\/2022\/05\/WhatsApp-Image-2022-05-28-at-15.29.14-1-768x512.jpeg 768w, https:\/\/www.handball-ulm.de\/wp-content\/uploads\/2022\/05\/WhatsApp-Image-2022-05-28-at-15.29.14-1-600x400.jpeg 600w, https:\/\/www.handball-ulm.de\/wp-content\/uploads\/2022\/05\/WhatsApp-Image-2022-05-28-at-15.29.14-1-1170x780.jpeg 1170w, https:\/\/www.handball-ulm.de\/wp-content\/uploads\/2022\/05\/WhatsApp-Image-2022-05-28-at-15.29.14-1.jpeg 1480w\" sizes=\"(max-width: 1024px) 100vw, 1024px\" \/><\/figure>\n\n\n\n<p>Abschlussfahrt nach Pilsen<\/p>\n\n\n\n<p><strong><u>Tag 1<\/u><\/strong><\/p>\n\n\n\n<p>Wir schreiben Freitag, den 27.05.2022. Die Herren 1 der SG Ulm &amp; Wiblingen freuen sich auf ihre wohlverdiente Abschlussfahrt in das rund 380 Kilometer entfernte Pilsen. F\u00fcr einen jeden Deutschen wohl der Beginn des Lebens; die erste Quelle; sozusagen das Urquell aller, die den Genuss eines Bieres nicht missen wollen.<\/p>\n\n\n\n<p>Um 13:00 Uhr war Treff an der Jahnhalle. Um 14:00 konnten dann alle einsteigen und losfahren. Nach gut vier Stunden Fahrt und einigen an die 5% H\u00fcrde angrenzenden Getr\u00e4nke war die Fahrt \u00fcberstanden.<\/p>\n\n\n\n<p>Es war toll. Wenn man Urlaub hat und daheim bleibt, hat man eine gewisse Unruhe in sich, den Drang, etwas zu tun, was einen unausgeglichen macht. Aber hier in Pilsen dreht sich die Welt langsamer. Es war wie eine Oase f\u00fcr die Seele und das ganz ohne Wellness und Schnickschnack.<\/p>\n\n\n\n<p>Diese sich langsam drehende Welt mussten wir Ulmer nat\u00fcrlich einen Impuls in die richtige Richtung geben. Und wo f\u00e4ngt Man(n) wohl besser an als in einer Bar, in welcher die Burger nicht nur ausreichend den Appetit stillen, sondern das Bier auch noch selbst\u00e4ndig am Tisch gezapft werden kann? Da traf es sich, dass unsere M\u00e4nner bei ihrer Verdauungsrunde perfekt in das Pilsner Nachtleben stolperten.<\/p>\n\n\n\n<p>Na dann \u2013 Licht aus.<\/p>\n\n\n\n<p><strong><u>Tag 2<\/u><\/strong><\/p>\n\n\n\n<p>9:00 Uhr. Der erste Wecker des Tages f\u00e4ngt an zu klingeln. Ihm werden im sieben Minutentakt noch ca. 10 weitere folgen. Aus nicht allzu unerkl\u00e4rbaren Gr\u00fcnden konnte und wollte nicht jeder am Fr\u00fchst\u00fcck teilnehmen.<\/p>\n\n\n\n<p>Mit ges\u00e4ttigtem Magen, einem kleinen Verdauungsschlaf und guter Laune ging es gegen 13:30 Uhr wieder Richtung Innenstadt. Nach einem kurzen Bummel ging es auch schon in die Pilsner Urquell Brauerei. Das Getr\u00e4nk, wenn man von Pilsen spricht. Hohe Adelsangeh\u00f6rige und Kaiser waren schon dort. Und nun auch die Ulmer. Als es nach der Abf\u00fcllhalle in die Kellergeschosse ging, wurde es k\u00e4lter und auch die Stimmung d\u00fcsterer, denn m\u00f6ge man es wagen, ein Bier zu brauen, welches dem Originalen weit \u00fcberlegen ist, nur um es dann an Tour-Besucher zu verkosten? Nein mag man nicht. Die Pilsner tun es trotzdem. Bei dieser Diskrepanz konnte sich so manch ein R\u00fcckraumspieler nicht zur\u00fcckhalten zu fragen, warum dem so sei. Eine Antwort steht noch aus.<\/p>\n\n\n\n<p>Nach der Tour ist vor dem Essen. Und so kehrte die Ulmer Truppe wieder zur\u00fcck ins Hotel, um anschlie\u00dfend zum Pizzaessen zu gehen. Bei sch\u00f6nem Kerzenlicht konnten alle eine Pizza vertragen. Nun gut, die G\u00e4ste, welche sich auf einen romantischen Abend freuten, waren wohl weniger darauf erpicht, uns als Gast zu haben, aber davon lassen wir uns die Stimmung nicht verderben.<\/p>\n\n\n\n<p>Noch schnell eine Runde Champions League Finale, auch wenn ein 6 Zoll Display etwas klein f\u00fcr acht Mann war. Und dann hie\u00df es wieder\u2026<\/p>\n\n\n\n<p>The same procedure as every year?<\/p>\n\n\n\n<p>Tag 3<\/p>\n\n\n\n<p>Abfahrt! Sonntagmorgen 11:00 Uhr und 14 halbwegs ausgeschlafene Handballer sind bereit, ihren Heimweg anzutreten. Auf dem R\u00fcckweg wurden noch einmal kurz alle Ohrw\u00fcrmer der letzten zwei Tage gespielt, bis die Musik dann langsam leiser wurde, die Strecke k\u00fcrzer und die Heimat n\u00e4her.<\/p>\n\n\n\n<figure class=\"wp-block-gallery columns-2 is-cropped wp-block-gallery-1 is-layout-flex wp-block-gallery-is-layout-flex\"><ul class=\"blocks-gallery-grid\"><li class=\"blocks-gallery-item\"><figure><img loading=\"lazy\" decoding=\"async\" width=\"947\" height=\"1024\" src=\"https:\/\/www.handball-ulm.de\/wp-content\/uploads\/2022\/05\/WhatsApp-Image-2022-05-28-at-14.19.00-947x1024.jpeg\" alt=\"\" data-id=\"9664\" data-link=\"https:\/\/www.handball-ulm.de\/?attachment_id=9664\" class=\"wp-image-9664\" srcset=\"https:\/\/www.handball-ulm.de\/wp-content\/uploads\/2022\/05\/WhatsApp-Image-2022-05-28-at-14.19.00-947x1024.jpeg 947w, https:\/\/www.handball-ulm.de\/wp-content\/uploads\/2022\/05\/WhatsApp-Image-2022-05-28-at-14.19.00-277x300.jpeg 277w, https:\/\/www.handball-ulm.de\/wp-content\/uploads\/2022\/05\/WhatsApp-Image-2022-05-28-at-14.19.00-768x831.jpeg 768w, https:\/\/www.handball-ulm.de\/wp-content\/uploads\/2022\/05\/WhatsApp-Image-2022-05-28-at-14.19.00-1170x1266.jpeg 1170w, https:\/\/www.handball-ulm.de\/wp-content\/uploads\/2022\/05\/WhatsApp-Image-2022-05-28-at-14.19.00.jpeg 1199w\" sizes=\"(max-width: 947px) 100vw, 947px\" \/><\/figure><\/li><li class=\"blocks-gallery-item\"><figure><img loading=\"lazy\" decoding=\"async\" width=\"768\" height=\"1024\" src=\"https:\/\/www.handball-ulm.de\/wp-content\/uploads\/2022\/05\/WhatsApp-Image-2022-05-28-at-14.19.01-1-768x1024.jpeg\" alt=\"\" data-id=\"9665\" data-link=\"https:\/\/www.handball-ulm.de\/?attachment_id=9665\" class=\"wp-image-9665\" srcset=\"https:\/\/www.handball-ulm.de\/wp-content\/uploads\/2022\/05\/WhatsApp-Image-2022-05-28-at-14.19.01-1-768x1024.jpeg 768w, https:\/\/www.handball-ulm.de\/wp-content\/uploads\/2022\/05\/WhatsApp-Image-2022-05-28-at-14.19.01-1-225x300.jpeg 225w, https:\/\/www.handball-ulm.de\/wp-content\/uploads\/2022\/05\/WhatsApp-Image-2022-05-28-at-14.19.01-1-1152x1536.jpeg 1152w, https:\/\/www.handball-ulm.de\/wp-content\/uploads\/2022\/05\/WhatsApp-Image-2022-05-28-at-14.19.01-1-1170x1560.jpeg 1170w, https:\/\/www.handball-ulm.de\/wp-content\/uploads\/2022\/05\/WhatsApp-Image-2022-05-28-at-14.19.01-1.jpeg 1200w\" sizes=\"(max-width: 768px) 100vw, 768px\" \/><\/figure><\/li><li class=\"blocks-gallery-item\"><figure><img loading=\"lazy\" decoding=\"async\" width=\"898\" height=\"880\" src=\"https:\/\/www.handball-ulm.de\/wp-content\/uploads\/2022\/05\/WhatsApp-Image-2022-05-27-at-22.43.15.jpeg\" alt=\"\" data-id=\"9663\" data-link=\"https:\/\/www.handball-ulm.de\/?attachment_id=9663\" class=\"wp-image-9663\" srcset=\"https:\/\/www.handball-ulm.de\/wp-content\/uploads\/2022\/05\/WhatsApp-Image-2022-05-27-at-22.43.15.jpeg 898w, https:\/\/www.handball-ulm.de\/wp-content\/uploads\/2022\/05\/WhatsApp-Image-2022-05-27-at-22.43.15-300x294.jpeg 300w, https:\/\/www.handball-ulm.de\/wp-content\/uploads\/2022\/05\/WhatsApp-Image-2022-05-27-at-22.43.15-768x753.jpeg 768w\" sizes=\"(max-width: 898px) 100vw, 898px\" \/><\/figure><\/li><li class=\"blocks-gallery-item\"><figure><img loading=\"lazy\" decoding=\"async\" width=\"1024\" height=\"768\" src=\"https:\/\/www.handball-ulm.de\/wp-content\/uploads\/2022\/05\/WhatsApp-Image-2022-05-27-at-19.29.07-1024x768.jpeg\" alt=\"\" data-id=\"9671\" data-link=\"https:\/\/www.handball-ulm.de\/?attachment_id=9671\" class=\"wp-image-9671\" srcset=\"https:\/\/www.handball-ulm.de\/wp-content\/uploads\/2022\/05\/WhatsApp-Image-2022-05-27-at-19.29.07-1024x768.jpeg 1024w, https:\/\/www.handball-ulm.de\/wp-content\/uploads\/2022\/05\/WhatsApp-Image-2022-05-27-at-19.29.07-300x225.jpeg 300w, https:\/\/www.handball-ulm.de\/wp-content\/uploads\/2022\/05\/WhatsApp-Image-2022-05-27-at-19.29.07-768x576.jpeg 768w, https:\/\/www.handball-ulm.de\/wp-content\/uploads\/2022\/05\/WhatsApp-Image-2022-05-27-at-19.29.07-1536x1152.jpeg 1536w, https:\/\/www.handball-ulm.de\/wp-content\/uploads\/2022\/05\/WhatsApp-Image-2022-05-27-at-19.29.07-1170x878.jpeg 1170w, https:\/\/www.handball-ulm.de\/wp-content\/uploads\/2022\/05\/WhatsApp-Image-2022-05-27-at-19.29.07.jpeg 2048w\" sizes=\"(max-width: 1024px) 100vw, 1024px\" \/><\/figure><\/li><li class=\"blocks-gallery-item\"><figure><img loading=\"lazy\" decoding=\"async\" width=\"827\" height=\"629\" src=\"https:\/\/www.handball-ulm.de\/wp-content\/uploads\/2022\/05\/WhatsApp-Image-2022-05-28-at-14.19.01-3.jpeg\" alt=\"\" data-id=\"9666\" data-link=\"https:\/\/www.handball-ulm.de\/?attachment_id=9666\" class=\"wp-image-9666\" srcset=\"https:\/\/www.handball-ulm.de\/wp-content\/uploads\/2022\/05\/WhatsApp-Image-2022-05-28-at-14.19.01-3.jpeg 827w, https:\/\/www.handball-ulm.de\/wp-content\/uploads\/2022\/05\/WhatsApp-Image-2022-05-28-at-14.19.01-3-300x228.jpeg 300w, https:\/\/www.handball-ulm.de\/wp-content\/uploads\/2022\/05\/WhatsApp-Image-2022-05-28-at-14.19.01-3-768x584.jpeg 768w\" sizes=\"(max-width: 827px) 100vw, 827px\" \/><\/figure><\/li><li class=\"blocks-gallery-item\"><figure><img loading=\"lazy\" decoding=\"async\" width=\"1024\" height=\"924\" src=\"https:\/\/www.handball-ulm.de\/wp-content\/uploads\/2022\/05\/WhatsApp-Image-2022-05-28-at-14.19.02-4-1024x924.jpeg\" alt=\"\" data-id=\"9667\" data-link=\"https:\/\/www.handball-ulm.de\/?attachment_id=9667\" class=\"wp-image-9667\" srcset=\"https:\/\/www.handball-ulm.de\/wp-content\/uploads\/2022\/05\/WhatsApp-Image-2022-05-28-at-14.19.02-4-1024x924.jpeg 1024w, https:\/\/www.handball-ulm.de\/wp-content\/uploads\/2022\/05\/WhatsApp-Image-2022-05-28-at-14.19.02-4-300x271.jpeg 300w, https:\/\/www.handball-ulm.de\/wp-content\/uploads\/2022\/05\/WhatsApp-Image-2022-05-28-at-14.19.02-4-768x693.jpeg 768w, https:\/\/www.handball-ulm.de\/wp-content\/uploads\/2022\/05\/WhatsApp-Image-2022-05-28-at-14.19.02-4-1170x1056.jpeg 1170w, https:\/\/www.handball-ulm.de\/wp-content\/uploads\/2022\/05\/WhatsApp-Image-2022-05-28-at-14.19.02-4.jpeg 1180w\" sizes=\"(max-width: 1024px) 100vw, 1024px\" \/><\/figure><\/li><li class=\"blocks-gallery-item\"><figure><img loading=\"lazy\" decoding=\"async\" width=\"917\" height=\"1024\" src=\"https:\/\/www.handball-ulm.de\/wp-content\/uploads\/2022\/05\/WhatsApp-Image-2022-05-28-at-15.29.08-1-917x1024.jpeg\" alt=\"\" data-id=\"9668\" data-link=\"https:\/\/www.handball-ulm.de\/?attachment_id=9668\" class=\"wp-image-9668\" srcset=\"https:\/\/www.handball-ulm.de\/wp-content\/uploads\/2022\/05\/WhatsApp-Image-2022-05-28-at-15.29.08-1-917x1024.jpeg 917w, https:\/\/www.handball-ulm.de\/wp-content\/uploads\/2022\/05\/WhatsApp-Image-2022-05-28-at-15.29.08-1-269x300.jpeg 269w, https:\/\/www.handball-ulm.de\/wp-content\/uploads\/2022\/05\/WhatsApp-Image-2022-05-28-at-15.29.08-1-768x858.jpeg 768w, https:\/\/www.handball-ulm.de\/wp-content\/uploads\/2022\/05\/WhatsApp-Image-2022-05-28-at-15.29.08-1-1170x1307.jpeg 1170w, https:\/\/www.handball-ulm.de\/wp-content\/uploads\/2022\/05\/WhatsApp-Image-2022-05-28-at-15.29.08-1.jpeg 1308w\" sizes=\"(max-width: 917px) 100vw, 917px\" \/><\/figure><\/li><li class=\"blocks-gallery-item\"><figure><img loading=\"lazy\" decoding=\"async\" width=\"1024\" height=\"768\" src=\"https:\/\/www.handball-ulm.de\/wp-content\/uploads\/2022\/05\/WhatsApp-Image-2022-05-28-at-15.29.09-2-1024x768.jpeg\" alt=\"\" data-id=\"9669\" data-link=\"https:\/\/www.handball-ulm.de\/?attachment_id=9669\" class=\"wp-image-9669\" srcset=\"https:\/\/www.handball-ulm.de\/wp-content\/uploads\/2022\/05\/WhatsApp-Image-2022-05-28-at-15.29.09-2-1024x768.jpeg 1024w, https:\/\/www.handball-ulm.de\/wp-content\/uploads\/2022\/05\/WhatsApp-Image-2022-05-28-at-15.29.09-2-300x225.jpeg 300w, https:\/\/www.handball-ulm.de\/wp-content\/uploads\/2022\/05\/WhatsApp-Image-2022-05-28-at-15.29.09-2-768x576.jpeg 768w, https:\/\/www.handball-ulm.de\/wp-content\/uploads\/2022\/05\/WhatsApp-Image-2022-05-28-at-15.29.09-2-1536x1152.jpeg 1536w, https:\/\/www.handball-ulm.de\/wp-content\/uploads\/2022\/05\/WhatsApp-Image-2022-05-28-at-15.29.09-2-1170x878.jpeg 1170w, https:\/\/www.handball-ulm.de\/wp-content\/uploads\/2022\/05\/WhatsApp-Image-2022-05-28-at-15.29.09-2.jpeg 1824w\" sizes=\"(max-width: 1024px) 100vw, 1024px\" \/><\/figure><\/li><li class=\"blocks-gallery-item\"><figure><img loading=\"lazy\" decoding=\"async\" width=\"1024\" height=\"838\" src=\"https:\/\/www.handball-ulm.de\/wp-content\/uploads\/2022\/05\/WhatsApp-Image-2022-05-28-at-15.29.10-1-1024x838.jpeg\" alt=\"\" data-id=\"9670\" data-link=\"https:\/\/www.handball-ulm.de\/?attachment_id=9670\" class=\"wp-image-9670\" srcset=\"https:\/\/www.handball-ulm.de\/wp-content\/uploads\/2022\/05\/WhatsApp-Image-2022-05-28-at-15.29.10-1-1024x838.jpeg 1024w, https:\/\/www.handball-ulm.de\/wp-content\/uploads\/2022\/05\/WhatsApp-Image-2022-05-28-at-15.29.10-1-300x245.jpeg 300w, https:\/\/www.handball-ulm.de\/wp-content\/uploads\/2022\/05\/WhatsApp-Image-2022-05-28-at-15.29.10-1-768x628.jpeg 768w, https:\/\/www.handball-ulm.de\/wp-content\/uploads\/2022\/05\/WhatsApp-Image-2022-05-28-at-15.29.10-1-1170x957.jpeg 1170w, https:\/\/www.handball-ulm.de\/wp-content\/uploads\/2022\/05\/WhatsApp-Image-2022-05-28-at-15.29.10-1.jpeg 1348w\" sizes=\"(max-width: 1024px) 100vw, 1024px\" \/><\/figure><\/li><li class=\"blocks-gallery-item\"><figure><img loading=\"lazy\" decoding=\"async\" width=\"768\" height=\"1024\" src=\"https:\/\/www.handball-ulm.de\/wp-content\/uploads\/2022\/05\/WhatsApp-Image-2022-05-27-at-19.29.14-768x1024.jpeg\" alt=\"\" data-id=\"9672\" data-link=\"https:\/\/www.handball-ulm.de\/?attachment_id=9672\" class=\"wp-image-9672\" srcset=\"https:\/\/www.handball-ulm.de\/wp-content\/uploads\/2022\/05\/WhatsApp-Image-2022-05-27-at-19.29.14-768x1024.jpeg 768w, https:\/\/www.handball-ulm.de\/wp-content\/uploads\/2022\/05\/WhatsApp-Image-2022-05-27-at-19.29.14-225x300.jpeg 225w, https:\/\/www.handball-ulm.de\/wp-content\/uploads\/2022\/05\/WhatsApp-Image-2022-05-27-at-19.29.14-1152x1536.jpeg 1152w, https:\/\/www.handball-ulm.de\/wp-content\/uploads\/2022\/05\/WhatsApp-Image-2022-05-27-at-19.29.14-1170x1560.jpeg 1170w, https:\/\/www.handball-ulm.de\/wp-content\/uploads\/2022\/05\/WhatsApp-Image-2022-05-27-at-19.29.14.jpeg 1368w\" sizes=\"(max-width: 768px) 100vw, 768px\" \/><\/figure><\/li><li class=\"blocks-gallery-item\"><figure><img loading=\"lazy\" decoding=\"async\" width=\"768\" height=\"1024\" src=\"https:\/\/www.handball-ulm.de\/wp-content\/uploads\/2022\/05\/WhatsApp-Image-2022-05-28-at-18.06.12-2-768x1024.jpeg\" alt=\"\" data-id=\"9680\" data-full-url=\"https:\/\/www.handball-ulm.de\/wp-content\/uploads\/2022\/05\/WhatsApp-Image-2022-05-28-at-18.06.12-2.jpeg\" data-link=\"https:\/\/www.handball-ulm.de\/?attachment_id=9680\" class=\"wp-image-9680\" srcset=\"https:\/\/www.handball-ulm.de\/wp-content\/uploads\/2022\/05\/WhatsApp-Image-2022-05-28-at-18.06.12-2-768x1024.jpeg 768w, https:\/\/www.handball-ulm.de\/wp-content\/uploads\/2022\/05\/WhatsApp-Image-2022-05-28-at-18.06.12-2-225x300.jpeg 225w, https:\/\/www.handball-ulm.de\/wp-content\/uploads\/2022\/05\/WhatsApp-Image-2022-05-28-at-18.06.12-2-1152x1536.jpeg 1152w, https:\/\/www.handball-ulm.de\/wp-content\/uploads\/2022\/05\/WhatsApp-Image-2022-05-28-at-18.06.12-2-1170x1560.jpeg 1170w, https:\/\/www.handball-ulm.de\/wp-content\/uploads\/2022\/05\/WhatsApp-Image-2022-05-28-at-18.06.12-2.jpeg 1368w\" sizes=\"(max-width: 768px) 100vw, 768px\" \/><\/figure><\/li><li class=\"blocks-gallery-item\"><figure><img loading=\"lazy\" decoding=\"async\" width=\"1024\" height=\"768\" src=\"https:\/\/www.handball-ulm.de\/wp-content\/uploads\/2022\/05\/WhatsApp-Image-2022-05-28-at-18.06.13-1-1024x768.jpeg\" alt=\"\" data-id=\"9681\" data-full-url=\"https:\/\/www.handball-ulm.de\/wp-content\/uploads\/2022\/05\/WhatsApp-Image-2022-05-28-at-18.06.13-1.jpeg\" data-link=\"https:\/\/www.handball-ulm.de\/?attachment_id=9681\" class=\"wp-image-9681\" srcset=\"https:\/\/www.handball-ulm.de\/wp-content\/uploads\/2022\/05\/WhatsApp-Image-2022-05-28-at-18.06.13-1-1024x768.jpeg 1024w, https:\/\/www.handball-ulm.de\/wp-content\/uploads\/2022\/05\/WhatsApp-Image-2022-05-28-at-18.06.13-1-300x225.jpeg 300w, https:\/\/www.handball-ulm.de\/wp-content\/uploads\/2022\/05\/WhatsApp-Image-2022-05-28-at-18.06.13-1-768x576.jpeg 768w, https:\/\/www.handball-ulm.de\/wp-content\/uploads\/2022\/05\/WhatsApp-Image-2022-05-28-at-18.06.13-1-1536x1152.jpeg 1536w, https:\/\/www.handball-ulm.de\/wp-content\/uploads\/2022\/05\/WhatsApp-Image-2022-05-28-at-18.06.13-1-1170x878.jpeg 1170w, https:\/\/www.handball-ulm.de\/wp-content\/uploads\/2022\/05\/WhatsApp-Image-2022-05-28-at-18.06.13-1.jpeg 1824w\" sizes=\"(max-width: 1024px) 100vw, 1024px\" \/><\/figure><\/li><\/ul><\/figure>\n","protected":false},"excerpt":{"rendered":"<p>Abschlussfahrt nach Pilsen Tag 1 Wir schreiben Freitag, den 27.05.2022. Die Herren 1 der SG Ulm &amp; Wiblingen freuen sich auf ihre wohlverdiente Abschlussfahrt in das rund 380 Kilometer entfernte Pilsen. F\u00fcr einen jeden Deutschen wohl der Beginn des Lebens; die erste Quelle; sozusagen das Urquell aller, die den Genuss eines Bieres nicht missen wollen. [&hellip;]<\/p>\n<br\/><br\/><a class=\"read-more\" href=\"https:\/\/www.handball-ulm.de\/?p=9658\"> Mehr lesen...<\/a>","protected":false},"author":10,"featured_media":9660,"comment_status":"closed","ping_status":"closed","sticky":false,"template":"","format":"standard","meta":{"ngg_post_thumbnail":0,"footnotes":""},"categories":[72,11,8,63],"tags":[],"_links":{"self":[{"href":"https:\/\/www.handball-ulm.de\/index.php?rest_route=\/wp\/v2\/posts\/9658"}],"collection":[{"href":"https:\/\/www.handball-ulm.de\/index.php?rest_route=\/wp\/v2\/posts"}],"about":[{"href":"https:\/\/www.handball-ulm.de\/index.php?rest_route=\/wp\/v2\/types\/post"}],"author":[{"embeddable":true,"href":"https:\/\/www.handball-ulm.de\/index.php?rest_route=\/wp\/v2\/users\/10"}],"replies":[{"embeddable":true,"href":"https:\/\/www.handball-ulm.de\/index.php?rest_route=%2Fwp%2Fv2%2Fcomments&post=9658"}],"version-history":[{"count":4,"href":"https:\/\/www.handball-ulm.de\/index.php?rest_route=\/wp\/v2\/posts\/9658\/revisions"}],"predecessor-version":[{"id":9694,"href":"https:\/\/www.handball-ulm.de\/index.php?rest_route=\/wp\/v2\/posts\/9658\/revisions\/9694"}],"wp:featuredmedia":[{"embeddable":true,"href":"https:\/\/www.handball-ulm.de\/index.php?rest_route=\/wp\/v2\/media\/9660"}],"wp:attachment":[{"href":"https:\/\/www.handball-ulm.de\/index.php?rest_route=%2Fwp%2Fv2%2Fmedia&parent=9658"}],"wp:term":[{"taxonomy":"category","embeddable":true,"href":"https:\/\/www.handball-ulm.de\/index.php?rest_route=%2Fwp%2Fv2%2Fcategories&post=9658"},{"taxonomy":"post_tag","embeddable":true,"href":"https:\/\/www.handball-ulm.de\/index.php?rest_route=%2Fwp%2Fv2%2Ftags&post=9658"}],"curies":[{"name":"wp","href":"https:\/\/api.w.org\/{rel}","templated":true}]}}