{"id":9573,"date":"2022-05-13T21:12:18","date_gmt":"2022-05-13T19:12:18","guid":{"rendered":"https:\/\/www.handball-ulm.de\/?p=9573"},"modified":"2022-05-13T21:12:22","modified_gmt":"2022-05-13T19:12:22","slug":"frauenbereich-der-sg-ulm-startet-%f0%9f%a5%b3","status":"publish","type":"post","link":"https:\/\/www.handball-ulm.de\/?p=9573","title":{"rendered":",,Frauenbereich der SG Ulm startet \ud83e\udd73"},"content":{"rendered":"\n<p><\/p>\n\n\n\n<p>So holprig die Saison unserer Frauen 1 anfing, so endete sie auch. Leider endete dies mit einem Abstieg in die Bezirksklasse. ABER. Wir w\u00e4ren nicht Frauen wenn \u2026 Kr\u00f6nchen richten und nach vorne schauen \ud83d\udcaa.<\/p>\n\n\n\n<p>Es gibt allerlei zu berichten aus unserem Frauenbereich.<\/p>\n\n\n\n<p>F\u00fcr die kommende Saison haben Dinah Reitz f\u00fcr F1 und Robert Ruschke f\u00fcr die F2 zugesagt \ud83c\udf7e.<\/p>\n\n\n\n<p>Die Beiden haben eine gemeinsame Vision. Den Frauenbereich neu formieren und aufbauen. Die Jugend einbeziehen und aufbauen. Die Erfahrung der &#8222;Alten&#8220; nutzen. Eine gemeinsame Basis und Kooperation zwischen der F1 und F2.<\/p>\n\n\n\n<p>Gestern trafen sich die Mannschaften erstmals zum Saisonstart in der Rudolfsquelle Offenhausen \ud83d\udc4c. Der Trainingsplan steht. Die Vorstellungen der Mannschaften und der Trainer sind abgestimmt. Und das Wichtigste: Motivation, Spa\u00df, Gemeinschaft und einfach Laune auf Handball sind garantiert.<\/p>\n\n\n\n<p>Die Trainer freuen sich auf die kommende Saison und sind sich sicher, die Frauen der SG Ulm werden sich weiterentwickeln \ud83d\ude0a.<\/p>\n","protected":false},"excerpt":{"rendered":"<p>Neue Runde &#8211; neues Gl\u00fcck &#8211; neue Ziele<\/p>\n<br\/><br\/><a class=\"read-more\" href=\"https:\/\/www.handball-ulm.de\/?p=9573\"> Mehr lesen...<\/a>","protected":false},"author":10,"featured_media":0,"comment_status":"closed","ping_status":"closed","sticky":false,"template":"","format":"standard","meta":{"ngg_post_thumbnail":0,"footnotes":""},"categories":[80,13,14,8,63],"tags":[],"_links":{"self":[{"href":"https:\/\/www.handball-ulm.de\/index.php?rest_route=\/wp\/v2\/posts\/9573"}],"collection":[{"href":"https:\/\/www.handball-ulm.de\/index.php?rest_route=\/wp\/v2\/posts"}],"about":[{"href":"https:\/\/www.handball-ulm.de\/index.php?rest_route=\/wp\/v2\/types\/post"}],"author":[{"embeddable":true,"href":"https:\/\/www.handball-ulm.de\/index.php?rest_route=\/wp\/v2\/users\/10"}],"replies":[{"embeddable":true,"href":"https:\/\/www.handball-ulm.de\/index.php?rest_route=%2Fwp%2Fv2%2Fcomments&post=9573"}],"version-history":[{"count":1,"href":"https:\/\/www.handball-ulm.de\/index.php?rest_route=\/wp\/v2\/posts\/9573\/revisions"}],"predecessor-version":[{"id":9574,"href":"https:\/\/www.handball-ulm.de\/index.php?rest_route=\/wp\/v2\/posts\/9573\/revisions\/9574"}],"wp:attachment":[{"href":"https:\/\/www.handball-ulm.de\/index.php?rest_route=%2Fwp%2Fv2%2Fmedia&parent=9573"}],"wp:term":[{"taxonomy":"category","embeddable":true,"href":"https:\/\/www.handball-ulm.de\/index.php?rest_route=%2Fwp%2Fv2%2Fcategories&post=9573"},{"taxonomy":"post_tag","embeddable":true,"href":"https:\/\/www.handball-ulm.de\/index.php?rest_route=%2Fwp%2Fv2%2Ftags&post=9573"}],"curies":[{"name":"wp","href":"https:\/\/api.w.org\/{rel}","templated":true}]}}