{"id":9562,"date":"2022-04-25T16:30:00","date_gmt":"2022-04-25T14:30:00","guid":{"rendered":"https:\/\/www.handball-ulm.de\/?p=9562"},"modified":"2022-05-11T16:40:20","modified_gmt":"2022-05-11T14:40:20","slug":"maenner1-letztes-spiel-der-saison-2021-22","status":"publish","type":"post","link":"https:\/\/www.handball-ulm.de\/?p=9562","title":{"rendered":"M\u00e4nner1 &#8211; Letztes Spiel der Saison 2021\/22"},"content":{"rendered":"\n<figure class=\"wp-block-image size-large\"><img loading=\"lazy\" decoding=\"async\" width=\"816\" height=\"548\" src=\"https:\/\/www.handball-ulm.de\/wp-content\/uploads\/2022\/04\/M\u00e41.jpg\" alt=\"\" class=\"wp-image-9565\" srcset=\"https:\/\/www.handball-ulm.de\/wp-content\/uploads\/2022\/04\/M\u00e41.jpg 816w, https:\/\/www.handball-ulm.de\/wp-content\/uploads\/2022\/04\/M\u00e41-300x201.jpg 300w, https:\/\/www.handball-ulm.de\/wp-content\/uploads\/2022\/04\/M\u00e41-768x516.jpg 768w\" sizes=\"(max-width: 816px) 100vw, 816px\" \/><\/figure>\n\n\n\n<p>Finale Ohohoh!!! Nun JA so oder so \u00e4hnlich war vermutlich die Stimmung am Sonntag dem 24.04. in der Halle Nord in Lehr. Das Spiel der Spiele. Ein Aufeinandertreffen, auf das die Bezirksliga schon lange gewartet hat. Langenau gegen Lehr.<\/p>\n\n\n\n<p>Nicht so in Blaubeuren, wo der TV Gerhausen auf unsere M\u00e4nner der SG traf. Eine innere Wut zerfra\u00df die Ulmer f\u00f6rmlich. H\u00e4tte man nur. H\u00e4tte man nur gegen Laupheim oder Vogt gewonnen. H\u00e4tte man nur gegen Lehr damals unentschieden gespielt. Dann, ja dann w\u00e4ren wir es, die nun aufsteigen.<\/p>\n\n\n\n<p>Dass sich das Ende der Saison zieht, ist bekannt, aber so schleppend, wie die hiesige war wohl schon lange keine mehr. Und jetzt auch noch ein Spiel, welches weder dem TV Gerhausen noch der SG Ulm&amp;Wiblingen weiterhilft, war wohl der kr\u00f6nende Abschluss zu diesem z\u00e4hen Ende.<\/p>\n\n\n\n<p>Nichtsdestotrotz begann um 17:30 Uhr das letzte Saisonspiel unserer M\u00e4nner. Anfangs wurde mit den \u00fcblichen Problemen gek\u00e4mpft. Spielen mit Harz, dem richtigen Spielrhythmus und so weiter. Dennoch konnten die Ulmer nach etwa 10 Minuten zeigen, wer die Oberhand hatte. Auch, wenn der Spielstand bis zu Halbzeit (9:14) nicht die Welt war, waren es trotzdem f\u00fcnf Tore, welche f\u00fcr Ulm sprachen.<\/p>\n\n\n\n<p>Die zweite Halbzeit war nochmal k\u00e4mpfen angesagt, denn trotz des f\u00fcnf Tore Vorsprungs hatte Gerhausen in der 1. Halbzeit durchaus gezeigt, dass sie was auf dem Kasten haben und dieses Spielverst\u00e4ndnis wollten die Ulmer keineswegs herausfordern. Gut unterbunden konnten sich unsere M\u00e4nner noch ein paar Tore distanzieren, so das gegen Ende des Spiels \u2026<\/p>\n\n\n\n<p>&nbsp;\u00ad \u2026 aber halt mal. Unterh\u00e4lt sich die Gerhausener Bank gerade etwa \u00fcber das Lehr vs. Langenau Spiel?? Offensichtlich war nicht nur die Ulmer Bank mit dem Liveticker dabei. Sch\u00f6n, diese Parallelen zu sehen \u00ad<\/p>\n\n\n\n<p>Wo waren wir? Ach ja, Ende des Spiels. Mit dem Versuch eines eher kl\u00e4glichen Doppel-Kempas gewannen unsere M\u00e4nner 1 mit 23:31. Na, wenn das mal kein Saisonabschluss ist.<\/p>\n\n\n\n<p>Wie bedanken uns beim Schiedsrichter, der uns gepfiffen hat und allen anderen Schiedsrichtern, die uns diese Saison begleitet haben. Des Weiteren m\u00f6chten wir dem TV Gerhausen f\u00fcr eine faires und reibungsloses Spiel danken.<\/p>\n\n\n\n<p>Zu guter Letzt gratulieren wir dem SC Lehr zum Aufstieg in die n\u00e4chste Liga und wer wei\u00df, vielleicht sieht man sich ja schneller als man denkt \u2026<\/p>\n\n\n\n<figure class=\"wp-block-image size-large\"><img loading=\"lazy\" decoding=\"async\" width=\"1024\" height=\"489\" src=\"https:\/\/www.handball-ulm.de\/wp-content\/uploads\/2022\/05\/Screenshot-350-1-1024x489.png\" alt=\"\" class=\"wp-image-9569\" srcset=\"https:\/\/www.handball-ulm.de\/wp-content\/uploads\/2022\/05\/Screenshot-350-1-1024x489.png 1024w, https:\/\/www.handball-ulm.de\/wp-content\/uploads\/2022\/05\/Screenshot-350-1-300x143.png 300w, https:\/\/www.handball-ulm.de\/wp-content\/uploads\/2022\/05\/Screenshot-350-1-768x367.png 768w, https:\/\/www.handball-ulm.de\/wp-content\/uploads\/2022\/05\/Screenshot-350-1.png 1079w\" sizes=\"(max-width: 1024px) 100vw, 1024px\" \/><\/figure>\n\n\n\n<figure class=\"wp-block-image size-large\"><img decoding=\"async\" src=\"blob:https:\/\/www.handball-ulm.de\/407a0b7c-197c-4a86-a32d-5c320ac01566\" alt=\"\"\/><\/figure>\n","protected":false},"excerpt":{"rendered":"<p>Ein Sieg, der nicht mehr wirklich von Interesse ist.<\/p>\n<br\/><br\/><a class=\"read-more\" href=\"https:\/\/www.handball-ulm.de\/?p=9562\"> Mehr lesen...<\/a>","protected":false},"author":10,"featured_media":9564,"comment_status":"closed","ping_status":"closed","sticky":false,"template":"","format":"standard","meta":{"ngg_post_thumbnail":0,"footnotes":""},"categories":[72,11,8,63],"tags":[],"_links":{"self":[{"href":"https:\/\/www.handball-ulm.de\/index.php?rest_route=\/wp\/v2\/posts\/9562"}],"collection":[{"href":"https:\/\/www.handball-ulm.de\/index.php?rest_route=\/wp\/v2\/posts"}],"about":[{"href":"https:\/\/www.handball-ulm.de\/index.php?rest_route=\/wp\/v2\/types\/post"}],"author":[{"embeddable":true,"href":"https:\/\/www.handball-ulm.de\/index.php?rest_route=\/wp\/v2\/users\/10"}],"replies":[{"embeddable":true,"href":"https:\/\/www.handball-ulm.de\/index.php?rest_route=%2Fwp%2Fv2%2Fcomments&post=9562"}],"version-history":[{"count":4,"href":"https:\/\/www.handball-ulm.de\/index.php?rest_route=\/wp\/v2\/posts\/9562\/revisions"}],"predecessor-version":[{"id":9570,"href":"https:\/\/www.handball-ulm.de\/index.php?rest_route=\/wp\/v2\/posts\/9562\/revisions\/9570"}],"wp:featuredmedia":[{"embeddable":true,"href":"https:\/\/www.handball-ulm.de\/index.php?rest_route=\/wp\/v2\/media\/9564"}],"wp:attachment":[{"href":"https:\/\/www.handball-ulm.de\/index.php?rest_route=%2Fwp%2Fv2%2Fmedia&parent=9562"}],"wp:term":[{"taxonomy":"category","embeddable":true,"href":"https:\/\/www.handball-ulm.de\/index.php?rest_route=%2Fwp%2Fv2%2Fcategories&post=9562"},{"taxonomy":"post_tag","embeddable":true,"href":"https:\/\/www.handball-ulm.de\/index.php?rest_route=%2Fwp%2Fv2%2Ftags&post=9562"}],"curies":[{"name":"wp","href":"https:\/\/api.w.org\/{rel}","templated":true}]}}