{"id":9521,"date":"2022-03-13T18:31:00","date_gmt":"2022-03-13T17:31:00","guid":{"rendered":"https:\/\/www.handball-ulm.de\/?p=9521"},"modified":"2022-05-01T19:12:41","modified_gmt":"2022-05-01T17:12:41","slug":"danke-fuer-die-geile-saison","status":"publish","type":"post","link":"https:\/\/www.handball-ulm.de\/?p=9521","title":{"rendered":"Danke f\u00fcr die geile Saison"},"content":{"rendered":"\n<p class=\"has-text-color has-huge-font-size has-vivid-red-color\">Meister der Bezirksliga<\/p>\n\n\n\n<figure class=\"wp-block-image size-large\"><img loading=\"lazy\" decoding=\"async\" width=\"1024\" height=\"469\" src=\"https:\/\/www.handball-ulm.de\/wp-content\/uploads\/2022\/05\/WhatsApp-Image-2022-05-01-at-18.31.33-2-1024x469.jpeg\" alt=\"\" class=\"wp-image-9524\" srcset=\"https:\/\/www.handball-ulm.de\/wp-content\/uploads\/2022\/05\/WhatsApp-Image-2022-05-01-at-18.31.33-2-1024x469.jpeg 1024w, https:\/\/www.handball-ulm.de\/wp-content\/uploads\/2022\/05\/WhatsApp-Image-2022-05-01-at-18.31.33-2-300x137.jpeg 300w, https:\/\/www.handball-ulm.de\/wp-content\/uploads\/2022\/05\/WhatsApp-Image-2022-05-01-at-18.31.33-2-768x352.jpeg 768w, https:\/\/www.handball-ulm.de\/wp-content\/uploads\/2022\/05\/WhatsApp-Image-2022-05-01-at-18.31.33-2-1170x536.jpeg 1170w, https:\/\/www.handball-ulm.de\/wp-content\/uploads\/2022\/05\/WhatsApp-Image-2022-05-01-at-18.31.33-2.jpeg 1336w\" sizes=\"(max-width: 1024px) 100vw, 1024px\" \/><\/figure>\n\n\n\n<p>Die letzte Saison mussten wir leider ohne Quali absolvieren, trotzdem gingen wir mit viel Motivation in die Saison. Gut aufgestellt und mit Leuten aus der C-Jugend, die uns unterst\u00fctzten, konnten wir gut starten. Ohne Probleme gewannen wir jedes Spiel. Um das Spiel spannender zu gestalten, eigneten wir uns neue Spielz\u00fcge an und perfektionierten diese. Au\u00dferdem nutzten wir die Saison, um die Spieler verschiedene Positionen ausprobieren zu lassen, was das Spektrum an Aufstellungen erweitern sollte. Aufgrund des Leistungsunterschiedes konnten wir die Meisterschaft ohne Druck f\u00fcr uns entscheiden.<\/p>\n\n\n\n<figure class=\"wp-block-image size-large\"><img loading=\"lazy\" decoding=\"async\" width=\"1024\" height=\"627\" src=\"https:\/\/www.handball-ulm.de\/wp-content\/uploads\/2022\/05\/WhatsApp-Image-2022-05-01-at-18.34.33-1-1024x627.jpeg\" alt=\"\" class=\"wp-image-9532\" srcset=\"https:\/\/www.handball-ulm.de\/wp-content\/uploads\/2022\/05\/WhatsApp-Image-2022-05-01-at-18.34.33-1-1024x627.jpeg 1024w, https:\/\/www.handball-ulm.de\/wp-content\/uploads\/2022\/05\/WhatsApp-Image-2022-05-01-at-18.34.33-1-300x184.jpeg 300w, https:\/\/www.handball-ulm.de\/wp-content\/uploads\/2022\/05\/WhatsApp-Image-2022-05-01-at-18.34.33-1-768x471.jpeg 768w, https:\/\/www.handball-ulm.de\/wp-content\/uploads\/2022\/05\/WhatsApp-Image-2022-05-01-at-18.34.33-1.jpeg 1123w\" sizes=\"(max-width: 1024px) 100vw, 1024px\" \/><\/figure>\n\n\n\n<p>Wir m\u00f6chten unseren Trainern f\u00fcr diese sch\u00f6ne Saison und die Spezi-K\u00e4sten danken!<\/p>\n\n\n\n<p>Robin und Noah,&nbsp; Lasse musste lernen<\/p>\n\n\n\n<figure class=\"wp-block-image size-large\"><img loading=\"lazy\" decoding=\"async\" width=\"695\" height=\"305\" src=\"https:\/\/www.handball-ulm.de\/wp-content\/uploads\/2022\/05\/Screenshot-347.png\" alt=\"\" class=\"wp-image-9522\" srcset=\"https:\/\/www.handball-ulm.de\/wp-content\/uploads\/2022\/05\/Screenshot-347.png 695w, https:\/\/www.handball-ulm.de\/wp-content\/uploads\/2022\/05\/Screenshot-347-300x132.png 300w\" sizes=\"(max-width: 695px) 100vw, 695px\" \/><figcaption>Abschlu\u00dftabelle Vorrunde bis Dezember<\/figcaption><\/figure>\n\n\n\n<figure class=\"wp-block-image size-large\"><img loading=\"lazy\" decoding=\"async\" width=\"1024\" height=\"227\" src=\"https:\/\/www.handball-ulm.de\/wp-content\/uploads\/2022\/05\/Screenshot-346-1024x227.png\" alt=\"\" class=\"wp-image-9523\" srcset=\"https:\/\/www.handball-ulm.de\/wp-content\/uploads\/2022\/05\/Screenshot-346-1024x227.png 1024w, https:\/\/www.handball-ulm.de\/wp-content\/uploads\/2022\/05\/Screenshot-346-300x66.png 300w, https:\/\/www.handball-ulm.de\/wp-content\/uploads\/2022\/05\/Screenshot-346-768x170.png 768w, https:\/\/www.handball-ulm.de\/wp-content\/uploads\/2022\/05\/Screenshot-346.png 1030w\" sizes=\"(max-width: 1024px) 100vw, 1024px\" \/><figcaption>Endtabelle und Meisterschaft<\/figcaption><\/figure>\n\n\n\n<p>Fotos zur m\u00e4nnlichen B-Jugend unter dem <a href=\"https:\/\/www.handball-ulm.de\/index.php\/nggallery\/alles\/spieltag-mb-jugend-sgu-jh-soeflingen-lehr-20-11-2021?page_id=91\">Link<\/a>.<\/p>\n\n\n\n<p>Die Fotos sind von Simon Reitz (<a href=\"https:\/\/www.fotopraxxis-ulm.de\/\">https:\/\/www.fotopraxxis-ulm.de\/)<\/a><\/p>\n\n\n\n<figure class=\"wp-block-gallery columns-3 is-cropped wp-block-gallery-1 is-layout-flex wp-block-gallery-is-layout-flex\"><ul class=\"blocks-gallery-grid\"><li class=\"blocks-gallery-item\"><figure><img loading=\"lazy\" decoding=\"async\" width=\"238\" height=\"442\" src=\"https:\/\/www.handball-ulm.de\/wp-content\/uploads\/2022\/05\/WhatsApp-Image-2022-05-01-at-18.31.33-1-1.jpeg\" alt=\"\" data-id=\"9533\" data-full-url=\"https:\/\/www.handball-ulm.de\/wp-content\/uploads\/2022\/05\/WhatsApp-Image-2022-05-01-at-18.31.33-1-1.jpeg\" data-link=\"https:\/\/www.handball-ulm.de\/?attachment_id=9533\" class=\"wp-image-9533\" srcset=\"https:\/\/www.handball-ulm.de\/wp-content\/uploads\/2022\/05\/WhatsApp-Image-2022-05-01-at-18.31.33-1-1.jpeg 238w, https:\/\/www.handball-ulm.de\/wp-content\/uploads\/2022\/05\/WhatsApp-Image-2022-05-01-at-18.31.33-1-1-162x300.jpeg 162w\" sizes=\"(max-width: 238px) 100vw, 238px\" \/><\/figure><\/li><li class=\"blocks-gallery-item\"><figure><img loading=\"lazy\" decoding=\"async\" width=\"200\" height=\"345\" src=\"https:\/\/www.handball-ulm.de\/wp-content\/uploads\/2022\/05\/WhatsApp-Image-2022-05-01-at-18.31.33.jpeg\" alt=\"\" data-id=\"9534\" data-full-url=\"https:\/\/www.handball-ulm.de\/wp-content\/uploads\/2022\/05\/WhatsApp-Image-2022-05-01-at-18.31.33.jpeg\" data-link=\"https:\/\/www.handball-ulm.de\/?attachment_id=9534\" class=\"wp-image-9534\" srcset=\"https:\/\/www.handball-ulm.de\/wp-content\/uploads\/2022\/05\/WhatsApp-Image-2022-05-01-at-18.31.33.jpeg 200w, https:\/\/www.handball-ulm.de\/wp-content\/uploads\/2022\/05\/WhatsApp-Image-2022-05-01-at-18.31.33-174x300.jpeg 174w\" sizes=\"(max-width: 200px) 100vw, 200px\" \/><\/figure><\/li><li class=\"blocks-gallery-item\"><figure><img loading=\"lazy\" decoding=\"async\" width=\"400\" height=\"916\" src=\"https:\/\/www.handball-ulm.de\/wp-content\/uploads\/2022\/05\/WhatsApp-Image-2022-05-01-at-18.31.37.jpeg\" alt=\"\" data-id=\"9535\" data-full-url=\"https:\/\/www.handball-ulm.de\/wp-content\/uploads\/2022\/05\/WhatsApp-Image-2022-05-01-at-18.31.37.jpeg\" data-link=\"https:\/\/www.handball-ulm.de\/?attachment_id=9535\" class=\"wp-image-9535\" srcset=\"https:\/\/www.handball-ulm.de\/wp-content\/uploads\/2022\/05\/WhatsApp-Image-2022-05-01-at-18.31.37.jpeg 400w, https:\/\/www.handball-ulm.de\/wp-content\/uploads\/2022\/05\/WhatsApp-Image-2022-05-01-at-18.31.37-131x300.jpeg 131w\" sizes=\"(max-width: 400px) 100vw, 400px\" \/><\/figure><\/li><\/ul><\/figure>\n","protected":false},"excerpt":{"rendered":"<p>Meister mit Null Minuspunkten<\/p>\n<br\/><br\/><a class=\"read-more\" href=\"https:\/\/www.handball-ulm.de\/?p=9521\"> Mehr lesen...<\/a>","protected":false},"author":10,"featured_media":9527,"comment_status":"closed","ping_status":"closed","sticky":false,"template":"","format":"standard","meta":{"ngg_post_thumbnail":0,"footnotes":""},"categories":[72,17,63],"tags":[],"_links":{"self":[{"href":"https:\/\/www.handball-ulm.de\/index.php?rest_route=\/wp\/v2\/posts\/9521"}],"collection":[{"href":"https:\/\/www.handball-ulm.de\/index.php?rest_route=\/wp\/v2\/posts"}],"about":[{"href":"https:\/\/www.handball-ulm.de\/index.php?rest_route=\/wp\/v2\/types\/post"}],"author":[{"embeddable":true,"href":"https:\/\/www.handball-ulm.de\/index.php?rest_route=\/wp\/v2\/users\/10"}],"replies":[{"embeddable":true,"href":"https:\/\/www.handball-ulm.de\/index.php?rest_route=%2Fwp%2Fv2%2Fcomments&post=9521"}],"version-history":[{"count":5,"href":"https:\/\/www.handball-ulm.de\/index.php?rest_route=\/wp\/v2\/posts\/9521\/revisions"}],"predecessor-version":[{"id":9536,"href":"https:\/\/www.handball-ulm.de\/index.php?rest_route=\/wp\/v2\/posts\/9521\/revisions\/9536"}],"wp:featuredmedia":[{"embeddable":true,"href":"https:\/\/www.handball-ulm.de\/index.php?rest_route=\/wp\/v2\/media\/9527"}],"wp:attachment":[{"href":"https:\/\/www.handball-ulm.de\/index.php?rest_route=%2Fwp%2Fv2%2Fmedia&parent=9521"}],"wp:term":[{"taxonomy":"category","embeddable":true,"href":"https:\/\/www.handball-ulm.de\/index.php?rest_route=%2Fwp%2Fv2%2Fcategories&post=9521"},{"taxonomy":"post_tag","embeddable":true,"href":"https:\/\/www.handball-ulm.de\/index.php?rest_route=%2Fwp%2Fv2%2Ftags&post=9521"}],"curies":[{"name":"wp","href":"https:\/\/api.w.org\/{rel}","templated":true}]}}