{"id":9263,"date":"2022-03-27T19:57:00","date_gmt":"2022-03-27T17:57:00","guid":{"rendered":"https:\/\/www.handball-ulm.de\/?p=9263"},"modified":"2022-05-02T11:56:41","modified_gmt":"2022-05-02T09:56:41","slug":"1-hvw-sichtung-jahrgang-2009","status":"publish","type":"post","link":"https:\/\/www.handball-ulm.de\/?p=9263","title":{"rendered":"1. HVW Sichtung Jahrgang 2009"},"content":{"rendered":"\n<figure class=\"wp-block-gallery columns-2 is-cropped wp-block-gallery-1 is-layout-flex wp-block-gallery-is-layout-flex\"><ul class=\"blocks-gallery-grid\"><li class=\"blocks-gallery-item\"><figure><img loading=\"lazy\" decoding=\"async\" width=\"494\" height=\"532\" src=\"https:\/\/www.handball-ulm.de\/wp-content\/uploads\/2022\/03\/WhatsApp-Image-2022-03-28-at-12.44.361.jpeg\" alt=\"\" data-id=\"9264\" data-link=\"https:\/\/www.handball-ulm.de\/?attachment_id=9264\" class=\"wp-image-9264\" srcset=\"https:\/\/www.handball-ulm.de\/wp-content\/uploads\/2022\/03\/WhatsApp-Image-2022-03-28-at-12.44.361.jpeg 494w, https:\/\/www.handball-ulm.de\/wp-content\/uploads\/2022\/03\/WhatsApp-Image-2022-03-28-at-12.44.361-279x300.jpeg 279w\" sizes=\"(max-width: 494px) 100vw, 494px\" \/><\/figure><\/li><li class=\"blocks-gallery-item\"><figure><img loading=\"lazy\" decoding=\"async\" width=\"751\" height=\"1024\" src=\"https:\/\/www.handball-ulm.de\/wp-content\/uploads\/2022\/03\/WhatsApp-Image-2022-03-28-at-12.44.36-751x1024.jpeg\" alt=\"\" data-id=\"9265\" data-full-url=\"https:\/\/www.handball-ulm.de\/wp-content\/uploads\/2022\/03\/WhatsApp-Image-2022-03-28-at-12.44.36.jpeg\" data-link=\"https:\/\/www.handball-ulm.de\/?attachment_id=9265\" class=\"wp-image-9265\" srcset=\"https:\/\/www.handball-ulm.de\/wp-content\/uploads\/2022\/03\/WhatsApp-Image-2022-03-28-at-12.44.36-751x1024.jpeg 751w, https:\/\/www.handball-ulm.de\/wp-content\/uploads\/2022\/03\/WhatsApp-Image-2022-03-28-at-12.44.36-220x300.jpeg 220w, https:\/\/www.handball-ulm.de\/wp-content\/uploads\/2022\/03\/WhatsApp-Image-2022-03-28-at-12.44.36-768x1048.jpeg 768w, https:\/\/www.handball-ulm.de\/wp-content\/uploads\/2022\/03\/WhatsApp-Image-2022-03-28-at-12.44.36.jpeg 772w\" sizes=\"(max-width: 751px) 100vw, 751px\" \/><\/figure><\/li><\/ul><\/figure>\n\n\n\n<p>Sichtlich Spa\u00df hatten die Teilnehmenden der SG Ulm &amp; Wiblingen bei der 1. HVW Sichtung des Jahrgangs 2009: Mina Kizilaslan, Annika Hecht, Alba Pagliari, Emma Krusche, Patrick Hecht und Tarik Sancak<\/p>\n\n\n\n<p> Vor allem das Zusammenspielen in der Bezirksmannschaft hat die Jungs und M\u00e4dels zusammenwachsen lassen. Auch in den Pausen kam der Spa\u00df nicht zu kurz, obwohl sie ja eigentlich Konkurrenten sind.<\/p>\n\n\n\n<p>Die Organisation und das Essen waren super<\/p>\n\n\n\n<p>Die Gegner waren anspruchsvoll und teilweise k\u00f6rperlich arg \u00fcberlegen, sagte unser Gr\u00f6\u00dfter, Patrick. Es gab Gr\u00f6\u00dfenunterschiede von 1,45m bis 1,91m. Der Junge konnte aus dem Stand 61cm springen und war auch der Schnellste. Ein Torwart warf seinen Ball 77kmh. Mit 12 Jahren, das ist schon Wahnsinn.<\/p>\n\n\n\n<p>Unsere Spieler konnten viel lernen, haben sich viel abgeschaut und empfanden die Teilnahme als tolle Erfahrung<\/p>\n\n\n\n<figure class=\"wp-block-gallery columns-2 is-cropped wp-block-gallery-2 is-layout-flex wp-block-gallery-is-layout-flex\"><ul class=\"blocks-gallery-grid\"><li class=\"blocks-gallery-item\"><figure><img loading=\"lazy\" decoding=\"async\" width=\"332\" height=\"693\" src=\"https:\/\/www.handball-ulm.de\/wp-content\/uploads\/2022\/03\/WhatsApp-Image-2022-03-28-at-12.44.35.jpeg\" alt=\"\" data-id=\"9267\" data-link=\"https:\/\/www.handball-ulm.de\/?attachment_id=9267\" class=\"wp-image-9267\" srcset=\"https:\/\/www.handball-ulm.de\/wp-content\/uploads\/2022\/03\/WhatsApp-Image-2022-03-28-at-12.44.35.jpeg 332w, https:\/\/www.handball-ulm.de\/wp-content\/uploads\/2022\/03\/WhatsApp-Image-2022-03-28-at-12.44.35-144x300.jpeg 144w\" sizes=\"(max-width: 332px) 100vw, 332px\" \/><\/figure><\/li><li class=\"blocks-gallery-item\"><figure><img loading=\"lazy\" decoding=\"async\" width=\"345\" height=\"678\" src=\"https:\/\/www.handball-ulm.de\/wp-content\/uploads\/2022\/03\/WhatsApp-Image-2022-03-28-at-12.44.351-1.jpeg\" alt=\"\" data-id=\"9270\" data-full-url=\"https:\/\/www.handball-ulm.de\/wp-content\/uploads\/2022\/03\/WhatsApp-Image-2022-03-28-at-12.44.351-1.jpeg\" data-link=\"https:\/\/www.handball-ulm.de\/?attachment_id=9270\" class=\"wp-image-9270\" srcset=\"https:\/\/www.handball-ulm.de\/wp-content\/uploads\/2022\/03\/WhatsApp-Image-2022-03-28-at-12.44.351-1.jpeg 345w, https:\/\/www.handball-ulm.de\/wp-content\/uploads\/2022\/03\/WhatsApp-Image-2022-03-28-at-12.44.351-1-153x300.jpeg 153w\" sizes=\"(max-width: 345px) 100vw, 345px\" \/><\/figure><\/li><\/ul><\/figure>\n\n\n\n<p class=\"has-large-font-size\">Unser Gl\u00fcckwunsch geht an Alba und Annika zur erfolgreichen Sichtung.<\/p>\n","protected":false},"excerpt":{"rendered":"<p>Sichtlich Spa\u00df hatten die Teilnehmenden der SG Ulm &amp; Wiblingen bei der 1. HVW Sichtung des Jahrgangs 2009: Mina Kizilaslan, Annika Hecht, Alba Pagliari, Emma Krusche, Patrick Hecht und Tarik Sancak Vor allem das Zusammenspielen in der Bezirksmannschaft hat die Jungs und M\u00e4dels zusammenwachsen lassen. Auch in den Pausen kam der Spa\u00df nicht zu kurz, [&hellip;]<\/p>\n<br\/><br\/><a class=\"read-more\" href=\"https:\/\/www.handball-ulm.de\/?p=9263\"> Mehr lesen...<\/a>","protected":false},"author":10,"featured_media":9268,"comment_status":"closed","ping_status":"closed","sticky":false,"template":"","format":"standard","meta":{"ngg_post_thumbnail":0,"footnotes":""},"categories":[80,22,8,63,21],"tags":[],"_links":{"self":[{"href":"https:\/\/www.handball-ulm.de\/index.php?rest_route=\/wp\/v2\/posts\/9263"}],"collection":[{"href":"https:\/\/www.handball-ulm.de\/index.php?rest_route=\/wp\/v2\/posts"}],"about":[{"href":"https:\/\/www.handball-ulm.de\/index.php?rest_route=\/wp\/v2\/types\/post"}],"author":[{"embeddable":true,"href":"https:\/\/www.handball-ulm.de\/index.php?rest_route=\/wp\/v2\/users\/10"}],"replies":[{"embeddable":true,"href":"https:\/\/www.handball-ulm.de\/index.php?rest_route=%2Fwp%2Fv2%2Fcomments&post=9263"}],"version-history":[{"count":6,"href":"https:\/\/www.handball-ulm.de\/index.php?rest_route=\/wp\/v2\/posts\/9263\/revisions"}],"predecessor-version":[{"id":9275,"href":"https:\/\/www.handball-ulm.de\/index.php?rest_route=\/wp\/v2\/posts\/9263\/revisions\/9275"}],"wp:featuredmedia":[{"embeddable":true,"href":"https:\/\/www.handball-ulm.de\/index.php?rest_route=\/wp\/v2\/media\/9268"}],"wp:attachment":[{"href":"https:\/\/www.handball-ulm.de\/index.php?rest_route=%2Fwp%2Fv2%2Fmedia&parent=9263"}],"wp:term":[{"taxonomy":"category","embeddable":true,"href":"https:\/\/www.handball-ulm.de\/index.php?rest_route=%2Fwp%2Fv2%2Fcategories&post=9263"},{"taxonomy":"post_tag","embeddable":true,"href":"https:\/\/www.handball-ulm.de\/index.php?rest_route=%2Fwp%2Fv2%2Ftags&post=9263"}],"curies":[{"name":"wp","href":"https:\/\/api.w.org\/{rel}","templated":true}]}}