{"id":9208,"date":"2022-03-12T19:48:00","date_gmt":"2022-03-12T18:48:00","guid":{"rendered":"https:\/\/www.handball-ulm.de\/?p=9208"},"modified":"2022-03-22T22:56:52","modified_gmt":"2022-03-22T21:56:52","slug":"maenner-2-gegen-die-tsg-ehingen-2","status":"publish","type":"post","link":"https:\/\/www.handball-ulm.de\/?p=9208","title":{"rendered":"M\u00e4nner 2 gegen die TSG Ehingen 2"},"content":{"rendered":"\n<figure class=\"wp-block-video\"><video controls src=\"https:\/\/www.handball-ulm.de\/wp-content\/uploads\/2022\/03\/WhatsApp-Video-2022-03-12-at-17.35.151.mp4\"><\/video><\/figure>\n\n\n\n<p>Wir schreiben Samstag, den 12.03.2022. unsere Aktivenspieler der Herren 2 begeben sich an die Halle der TSG Ehingen. Mit einer etwas anders besetzten Bank, nun ja immerhin hatten wir 5 U21 Spieler aus der Herren 1 und Erfolgscoach Pauli mit dabei, gingen wir in die Halle. Der Tag startete f\u00fcr alle recht gem\u00fctlich und diese Gem\u00fctlichkeit nahmen wir auch mit aufs Feld.<\/p>\n\n\n\n<p>Mit einem herzhaften \u201eProst\u201c des Schiedsrichters begann p\u00fcnktlich um 18:00 Uhr das Spiel. In der ersten Halbzeit ging der Puls der Ulmer Spieler an die Decke. Wir wollen gewinnen! Und daf\u00fcr m\u00fcssen wir alles geben!!<\/p>\n\n\n\n<p>Nach ein paar gespielten Minuten fiel die Unkoordiniertheit der Heimmannschaft auf, eine Hand im Gesicht hier, ein paar Schrittfehler dort und was der Gegner nicht als Trikotziehen anerkennen wollte, war dann doch eher ein Trikotgew\u00fcrge. Trotz dieser offensichtlichen M\u00e4ngel konnte sich die SG bis zur 30. Minute nur mit 15:17 von den Ehingern distanzieren.<\/p>\n\n\n\n<p>In der zweiten Halbzeit betraten die Ulmer das Parkett mit derselben Gem\u00fctlichkeit wie zu Beginn und das war auch gut so. Denn von Anpfiff an konnten sich unsere Herren vom Gegner absetzen, so dass sie zum Schlusspfiff den Sieg mit 23:31 nach Hause holen konnten. Bl\u00f6derweise musste unser Toptorsch\u00fctze und Kempaverwandler Herr M\u00fcller bereits in der 56. Minute das Spielfeld verlassen, so das sich kein kr\u00f6nender fliegender Abschluss auflegen lie\u00df.<\/p>\n\n\n\n<p>Ihr wollt mehr von den spannenden und unterhaltsamen Spielen sehen?? Dann kommt doch am Sonntag, den 27:03.2022 zu unserem Heimspiel in die Tannenplatzhalle und feuert uns beim R\u00fcckspiel gegen die TSG Ehingen an. Spielbeginn: 15:45 Uhr.<\/p>\n\n\n\n<figure class=\"wp-block-image size-large\"><img loading=\"lazy\" decoding=\"async\" width=\"931\" height=\"918\" src=\"https:\/\/www.handball-ulm.de\/wp-content\/uploads\/2022\/03\/WhatsApp-Image-2022-03-12-at-20.18.32.jpeg\" alt=\"\" class=\"wp-image-9210\" srcset=\"https:\/\/www.handball-ulm.de\/wp-content\/uploads\/2022\/03\/WhatsApp-Image-2022-03-12-at-20.18.32.jpeg 931w, https:\/\/www.handball-ulm.de\/wp-content\/uploads\/2022\/03\/WhatsApp-Image-2022-03-12-at-20.18.32-300x296.jpeg 300w, https:\/\/www.handball-ulm.de\/wp-content\/uploads\/2022\/03\/WhatsApp-Image-2022-03-12-at-20.18.32-768x757.jpeg 768w\" sizes=\"(max-width: 931px) 100vw, 931px\" \/><\/figure>\n","protected":false},"excerpt":{"rendered":"<p>Coronageschw\u00e4cht und fast in alter Formation<\/p>\n<br\/><br\/><a class=\"read-more\" href=\"https:\/\/www.handball-ulm.de\/?p=9208\"> Mehr lesen...<\/a>","protected":false},"author":10,"featured_media":9213,"comment_status":"closed","ping_status":"closed","sticky":false,"template":"","format":"standard","meta":{"ngg_post_thumbnail":0,"footnotes":""},"categories":[72,12,8,63],"tags":[],"_links":{"self":[{"href":"https:\/\/www.handball-ulm.de\/index.php?rest_route=\/wp\/v2\/posts\/9208"}],"collection":[{"href":"https:\/\/www.handball-ulm.de\/index.php?rest_route=\/wp\/v2\/posts"}],"about":[{"href":"https:\/\/www.handball-ulm.de\/index.php?rest_route=\/wp\/v2\/types\/post"}],"author":[{"embeddable":true,"href":"https:\/\/www.handball-ulm.de\/index.php?rest_route=\/wp\/v2\/users\/10"}],"replies":[{"embeddable":true,"href":"https:\/\/www.handball-ulm.de\/index.php?rest_route=%2Fwp%2Fv2%2Fcomments&post=9208"}],"version-history":[{"count":2,"href":"https:\/\/www.handball-ulm.de\/index.php?rest_route=\/wp\/v2\/posts\/9208\/revisions"}],"predecessor-version":[{"id":9214,"href":"https:\/\/www.handball-ulm.de\/index.php?rest_route=\/wp\/v2\/posts\/9208\/revisions\/9214"}],"wp:featuredmedia":[{"embeddable":true,"href":"https:\/\/www.handball-ulm.de\/index.php?rest_route=\/wp\/v2\/media\/9213"}],"wp:attachment":[{"href":"https:\/\/www.handball-ulm.de\/index.php?rest_route=%2Fwp%2Fv2%2Fmedia&parent=9208"}],"wp:term":[{"taxonomy":"category","embeddable":true,"href":"https:\/\/www.handball-ulm.de\/index.php?rest_route=%2Fwp%2Fv2%2Fcategories&post=9208"},{"taxonomy":"post_tag","embeddable":true,"href":"https:\/\/www.handball-ulm.de\/index.php?rest_route=%2Fwp%2Fv2%2Ftags&post=9208"}],"curies":[{"name":"wp","href":"https:\/\/api.w.org\/{rel}","templated":true}]}}