{"id":9196,"date":"2022-03-19T18:46:00","date_gmt":"2022-03-19T17:46:00","guid":{"rendered":"https:\/\/www.handball-ulm.de\/?p=9196"},"modified":"2022-03-20T09:16:12","modified_gmt":"2022-03-20T08:16:12","slug":"jung-und-alt-auf-der-platte","status":"publish","type":"post","link":"https:\/\/www.handball-ulm.de\/?p=9196","title":{"rendered":"Jung und alt auf der Platte"},"content":{"rendered":"\n<p class=\"has-medium-font-size\">Frauen 2 spielt gegen Tabellenzweiten aus Schemmerhofen<\/p>\n\n\n\n<figure class=\"wp-block-image size-large\"><img loading=\"lazy\" decoding=\"async\" width=\"751\" height=\"364\" src=\"https:\/\/www.handball-ulm.de\/wp-content\/uploads\/2022\/03\/WhatsApp-Image-2022-03-19-at-19.25.01.jpeg\" alt=\"\" class=\"wp-image-9198\" srcset=\"https:\/\/www.handball-ulm.de\/wp-content\/uploads\/2022\/03\/WhatsApp-Image-2022-03-19-at-19.25.01.jpeg 751w, https:\/\/www.handball-ulm.de\/wp-content\/uploads\/2022\/03\/WhatsApp-Image-2022-03-19-at-19.25.01-300x145.jpeg 300w\" sizes=\"(max-width: 751px) 100vw, 751px\" \/><\/figure>\n\n\n\n<p>Lang stand es auf der Kippe, ob das Nachholspiel in der Kreisliga stattfinden kann, da viele Spielerinnen bereits anderweitig Termine hatten.  Mit einer dezimierten Mannschaft traten wir gegen den Tabellenzweiten SV Schemmerhofen an. Wir taten uns von Anfang an schwer und lagen somit schnell mit 0:7 hinten. Franziska Gauss von Schemmerhofen brachte sich bereits in dieser kurzen Zeit 3x ein. Am Ende sollten 13 Tore hinter ihrem Namen stehen. Durch viel Kampfgeist und Zusammenhalt konnten wir dennoch einige eigene Tore erzielen. Immerhin &#8222;nur&#8220; 9:19 war der Halbzeitstand. <\/p>\n\n\n\n<p>Unser B-Jugend-K\u00fccken Julia brachte Schwung in die Angriffe. Neun Mal zappelte ihr Ball im Netz.<\/p>\n\n\n\n<p>Der Gegenpart unserer Mannschaft waren die eigentlich schon in den Ruhestand gegangenen Spielerinnen Jana und Reka. Sie halfen aus, damit das Spiel gespielt werden konnte. Verr\u00fcckteste Situation war in Minute 34, als pl\u00f6tzlich nur noch 4 Spielerinnen auf dem Feld standen. Jana, Reka, Klumpi und Laura. Die drei Erstgenannten brachten 143 Jahre auf die Platte. Zu Gl\u00fcck senkte Laura mit ihren zarten 17 den Schnitt ein wenig. <\/p>\n\n\n\n<p>Wir bedanken uns sehr f\u00fcr die tatkr\u00e4ftige Unterst\u00fctzung von Jana und Reka. Verlernt haben sie nichts. Es ging nicht mehr ganz so schnell wie fr\u00fcher und auch nicht mehr so lange, aber Handball spielen k\u00f6nnen beide noch richtig gut.<\/p>\n\n\n\n<p>Eine weitere Premiere k\u00f6nnen wir verk\u00fcnden. Unser Coach Robby Robert Ruschke hatte seinen Einstand und war nach eigener Aussage zufrieden: &#8222;19 Tore muss man erstmal werfen!&#8220;<\/p>\n\n\n\n<p>Trotz unseres eisernen Einsatzes trennten wir uns bei einem Spielstand von 19:36. Schmmerhofen war eben doch schneller und eingspielter. Aber Spa\u00df hat es allen gemacht.<\/p>\n\n\n\n<p>Ein Dank geht an die vielen Zuschauer, an Robby und an Schiedsrichter Manfred J\u00e4hn.<\/p>\n\n\n\n<figure class=\"wp-block-gallery columns-1 is-cropped wp-block-gallery-1 is-layout-flex wp-block-gallery-is-layout-flex\"><ul class=\"blocks-gallery-grid\"><li class=\"blocks-gallery-item\"><figure><img loading=\"lazy\" decoding=\"async\" width=\"1024\" height=\"525\" src=\"https:\/\/www.handball-ulm.de\/wp-content\/uploads\/2022\/03\/WhatsApp-Image-2022-03-19-at-19.25.02-1024x525.jpeg\" alt=\"\" data-id=\"9199\" data-full-url=\"https:\/\/www.handball-ulm.de\/wp-content\/uploads\/2022\/03\/WhatsApp-Image-2022-03-19-at-19.25.02.jpeg\" data-link=\"https:\/\/www.handball-ulm.de\/?attachment_id=9199\" class=\"wp-image-9199\" srcset=\"https:\/\/www.handball-ulm.de\/wp-content\/uploads\/2022\/03\/WhatsApp-Image-2022-03-19-at-19.25.02-1024x525.jpeg 1024w, https:\/\/www.handball-ulm.de\/wp-content\/uploads\/2022\/03\/WhatsApp-Image-2022-03-19-at-19.25.02-300x154.jpeg 300w, https:\/\/www.handball-ulm.de\/wp-content\/uploads\/2022\/03\/WhatsApp-Image-2022-03-19-at-19.25.02-768x394.jpeg 768w, https:\/\/www.handball-ulm.de\/wp-content\/uploads\/2022\/03\/WhatsApp-Image-2022-03-19-at-19.25.02-1170x600.jpeg 1170w, https:\/\/www.handball-ulm.de\/wp-content\/uploads\/2022\/03\/WhatsApp-Image-2022-03-19-at-19.25.02.jpeg 1288w\" sizes=\"(max-width: 1024px) 100vw, 1024px\" \/><\/figure><\/li><li class=\"blocks-gallery-item\"><figure><img loading=\"lazy\" decoding=\"async\" width=\"1024\" height=\"373\" src=\"https:\/\/www.handball-ulm.de\/wp-content\/uploads\/2022\/03\/WhatsApp-Image-2022-03-19-at-19.25.01-1-1024x373.jpeg\" alt=\"\" data-id=\"9200\" data-full-url=\"https:\/\/www.handball-ulm.de\/wp-content\/uploads\/2022\/03\/WhatsApp-Image-2022-03-19-at-19.25.01-1.jpeg\" data-link=\"https:\/\/www.handball-ulm.de\/?attachment_id=9200\" class=\"wp-image-9200\" srcset=\"https:\/\/www.handball-ulm.de\/wp-content\/uploads\/2022\/03\/WhatsApp-Image-2022-03-19-at-19.25.01-1-1024x373.jpeg 1024w, https:\/\/www.handball-ulm.de\/wp-content\/uploads\/2022\/03\/WhatsApp-Image-2022-03-19-at-19.25.01-1-300x109.jpeg 300w, https:\/\/www.handball-ulm.de\/wp-content\/uploads\/2022\/03\/WhatsApp-Image-2022-03-19-at-19.25.01-1-768x280.jpeg 768w, https:\/\/www.handball-ulm.de\/wp-content\/uploads\/2022\/03\/WhatsApp-Image-2022-03-19-at-19.25.01-1-1170x426.jpeg 1170w, https:\/\/www.handball-ulm.de\/wp-content\/uploads\/2022\/03\/WhatsApp-Image-2022-03-19-at-19.25.01-1.jpeg 1299w\" sizes=\"(max-width: 1024px) 100vw, 1024px\" \/><\/figure><\/li><li class=\"blocks-gallery-item\"><figure><img loading=\"lazy\" decoding=\"async\" width=\"1024\" height=\"395\" src=\"https:\/\/www.handball-ulm.de\/wp-content\/uploads\/2022\/03\/WhatsApp-Image-2022-03-19-at-19.25.01-2-1024x395.jpeg\" alt=\"\" data-id=\"9201\" data-full-url=\"https:\/\/www.handball-ulm.de\/wp-content\/uploads\/2022\/03\/WhatsApp-Image-2022-03-19-at-19.25.01-2.jpeg\" data-link=\"https:\/\/www.handball-ulm.de\/?attachment_id=9201\" class=\"wp-image-9201\" srcset=\"https:\/\/www.handball-ulm.de\/wp-content\/uploads\/2022\/03\/WhatsApp-Image-2022-03-19-at-19.25.01-2-1024x395.jpeg 1024w, https:\/\/www.handball-ulm.de\/wp-content\/uploads\/2022\/03\/WhatsApp-Image-2022-03-19-at-19.25.01-2-300x116.jpeg 300w, https:\/\/www.handball-ulm.de\/wp-content\/uploads\/2022\/03\/WhatsApp-Image-2022-03-19-at-19.25.01-2-768x296.jpeg 768w, https:\/\/www.handball-ulm.de\/wp-content\/uploads\/2022\/03\/WhatsApp-Image-2022-03-19-at-19.25.01-2-1170x451.jpeg 1170w, https:\/\/www.handball-ulm.de\/wp-content\/uploads\/2022\/03\/WhatsApp-Image-2022-03-19-at-19.25.01-2.jpeg 1211w\" sizes=\"(max-width: 1024px) 100vw, 1024px\" \/><\/figure><\/li><li class=\"blocks-gallery-item\"><figure><img loading=\"lazy\" decoding=\"async\" width=\"1024\" height=\"485\" src=\"https:\/\/www.handball-ulm.de\/wp-content\/uploads\/2022\/03\/WhatsApp-Image-2022-03-19-at-19.25.02-1-1024x485.jpeg\" alt=\"\" data-id=\"9202\" data-full-url=\"https:\/\/www.handball-ulm.de\/wp-content\/uploads\/2022\/03\/WhatsApp-Image-2022-03-19-at-19.25.02-1.jpeg\" data-link=\"https:\/\/www.handball-ulm.de\/?attachment_id=9202\" class=\"wp-image-9202\" srcset=\"https:\/\/www.handball-ulm.de\/wp-content\/uploads\/2022\/03\/WhatsApp-Image-2022-03-19-at-19.25.02-1-1024x485.jpeg 1024w, https:\/\/www.handball-ulm.de\/wp-content\/uploads\/2022\/03\/WhatsApp-Image-2022-03-19-at-19.25.02-1-300x142.jpeg 300w, https:\/\/www.handball-ulm.de\/wp-content\/uploads\/2022\/03\/WhatsApp-Image-2022-03-19-at-19.25.02-1-768x364.jpeg 768w, https:\/\/www.handball-ulm.de\/wp-content\/uploads\/2022\/03\/WhatsApp-Image-2022-03-19-at-19.25.02-1-1170x554.jpeg 1170w, https:\/\/www.handball-ulm.de\/wp-content\/uploads\/2022\/03\/WhatsApp-Image-2022-03-19-at-19.25.02-1.jpeg 1459w\" sizes=\"(max-width: 1024px) 100vw, 1024px\" \/><\/figure><\/li><li class=\"blocks-gallery-item\"><figure><img loading=\"lazy\" decoding=\"async\" width=\"1024\" height=\"406\" src=\"https:\/\/www.handball-ulm.de\/wp-content\/uploads\/2022\/03\/WhatsApp-Image-2022-03-19-at-19.25.02-2-1024x406.jpeg\" alt=\"\" data-id=\"9203\" data-full-url=\"https:\/\/www.handball-ulm.de\/wp-content\/uploads\/2022\/03\/WhatsApp-Image-2022-03-19-at-19.25.02-2.jpeg\" data-link=\"https:\/\/www.handball-ulm.de\/?attachment_id=9203\" class=\"wp-image-9203\" srcset=\"https:\/\/www.handball-ulm.de\/wp-content\/uploads\/2022\/03\/WhatsApp-Image-2022-03-19-at-19.25.02-2-1024x406.jpeg 1024w, https:\/\/www.handball-ulm.de\/wp-content\/uploads\/2022\/03\/WhatsApp-Image-2022-03-19-at-19.25.02-2-300x119.jpeg 300w, https:\/\/www.handball-ulm.de\/wp-content\/uploads\/2022\/03\/WhatsApp-Image-2022-03-19-at-19.25.02-2-768x304.jpeg 768w, https:\/\/www.handball-ulm.de\/wp-content\/uploads\/2022\/03\/WhatsApp-Image-2022-03-19-at-19.25.02-2.jpeg 1106w\" sizes=\"(max-width: 1024px) 100vw, 1024px\" \/><\/figure><\/li><\/ul><\/figure>\n","protected":false},"excerpt":{"rendered":"<p>Ganz viel Erfahrung auf der Platte<\/p>\n<br\/><br\/><a class=\"read-more\" href=\"https:\/\/www.handball-ulm.de\/?p=9196\"> Mehr lesen...<\/a>","protected":false},"author":10,"featured_media":9197,"comment_status":"closed","ping_status":"closed","sticky":false,"template":"","format":"standard","meta":{"ngg_post_thumbnail":0,"footnotes":""},"categories":[72,14,8,63],"tags":[],"_links":{"self":[{"href":"https:\/\/www.handball-ulm.de\/index.php?rest_route=\/wp\/v2\/posts\/9196"}],"collection":[{"href":"https:\/\/www.handball-ulm.de\/index.php?rest_route=\/wp\/v2\/posts"}],"about":[{"href":"https:\/\/www.handball-ulm.de\/index.php?rest_route=\/wp\/v2\/types\/post"}],"author":[{"embeddable":true,"href":"https:\/\/www.handball-ulm.de\/index.php?rest_route=\/wp\/v2\/users\/10"}],"replies":[{"embeddable":true,"href":"https:\/\/www.handball-ulm.de\/index.php?rest_route=%2Fwp%2Fv2%2Fcomments&post=9196"}],"version-history":[{"count":2,"href":"https:\/\/www.handball-ulm.de\/index.php?rest_route=\/wp\/v2\/posts\/9196\/revisions"}],"predecessor-version":[{"id":9205,"href":"https:\/\/www.handball-ulm.de\/index.php?rest_route=\/wp\/v2\/posts\/9196\/revisions\/9205"}],"wp:featuredmedia":[{"embeddable":true,"href":"https:\/\/www.handball-ulm.de\/index.php?rest_route=\/wp\/v2\/media\/9197"}],"wp:attachment":[{"href":"https:\/\/www.handball-ulm.de\/index.php?rest_route=%2Fwp%2Fv2%2Fmedia&parent=9196"}],"wp:term":[{"taxonomy":"category","embeddable":true,"href":"https:\/\/www.handball-ulm.de\/index.php?rest_route=%2Fwp%2Fv2%2Fcategories&post=9196"},{"taxonomy":"post_tag","embeddable":true,"href":"https:\/\/www.handball-ulm.de\/index.php?rest_route=%2Fwp%2Fv2%2Ftags&post=9196"}],"curies":[{"name":"wp","href":"https:\/\/api.w.org\/{rel}","templated":true}]}}