{"id":8993,"date":"2022-03-06T15:49:00","date_gmt":"2022-03-06T14:49:00","guid":{"rendered":"https:\/\/www.handball-ulm.de\/?p=8993"},"modified":"2022-03-07T22:49:55","modified_gmt":"2022-03-07T21:49:55","slug":"platz-2-in-der-verbandsliga-gesichert-mit-grandioser-teamleistung","status":"publish","type":"post","link":"https:\/\/www.handball-ulm.de\/?p=8993","title":{"rendered":"Platz 2 in der Verbandsliga gesichert mit grandioser Teamleistung"},"content":{"rendered":"\n<figure class=\"wp-block-image size-large\"><img loading=\"lazy\" decoding=\"async\" width=\"1024\" height=\"768\" src=\"https:\/\/www.handball-ulm.de\/wp-content\/uploads\/2022\/03\/wC1.jpeg\" alt=\"\" class=\"wp-image-8996\" srcset=\"https:\/\/www.handball-ulm.de\/wp-content\/uploads\/2022\/03\/wC1.jpeg 1024w, https:\/\/www.handball-ulm.de\/wp-content\/uploads\/2022\/03\/wC1-300x225.jpeg 300w, https:\/\/www.handball-ulm.de\/wp-content\/uploads\/2022\/03\/wC1-768x576.jpeg 768w\" sizes=\"(max-width: 1024px) 100vw, 1024px\" \/><\/figure>\n\n\n\n<p>Heute war unser letztes Spiel in dieser Saison. Letztes Spiel mit den 2007er M\u00e4dchen und wichtiges Spiel, ob wir auf den 2. Platz in der Verbandsliga kommen oder ob wir auf Platz 3 bleiben.<br>Wir treffen uns alle am Treffpunkt, fahren los und kommen an. Aber nicht vollst\u00e4ndig.<br>Ein Auto mit 3 Spielerinnen und unserer Trainerin hat sich komplett verfahren. Anstatt nach Plochingen sind sie nach Pfullingen gefahren.<br>Die anderen 6 Spielerinnen standen auf dem Feld und wurden von allen Einheimischen schr\u00e4g angeschaut, wieso so wenige da sind und auch noch ohne Trainerin.<br>Aber wir haben uns so aufgew\u00e4rmt wie immer. In den letzten 15 min kamen die Falschfahrer. Schnell haben sie sich ebenfalls warmgemacht und dann ging es schon los.<br>Aufregung, Motivation und Power konnte man uns Ulmerinnen ansehen.<br>Das Spiel verlief spannend und die Abwehr war bombenstark. Das hat die Plochingerinnen total ge\u00e4rgert.<br>Es ging weiter und wir Ulmerinnen holen so viel Vorsprung, dass der Trainer von Plochingen gleich eine Auszeit nehmen muss, was f\u00fcr uns perfekt war, denn so konnten wir kurz durchschnaufen.<br>Es ging weiter und in diesem Spiel hat man \u00fcble Schubser, Kratzer, Kneifer gesehen und Parteiball spielten wir auch noch. Gut, dass wir das in jedem Training \u00fcben. \u263a <\/p>\n\n\n\n<p>Wir lieferten die sch\u00f6nen Szenen mit Kontern und Balleroberungen und vielen, vielen Toren. Also ein kunterbuntes Spiel.<br>Wir Ulmerinnen hielten den Vorsprung, bauten ihn immer weiter aus und somit holten wir auch verdient den Sieg.<br>Es war ein sehr tolles Spiel zum Abschluss.<br>Wir sind stolz auf unser Team. Auf alles, was wir erreicht haben. Stolz auf eine tolle Saison. Wir haben alles gegeben und das sieht man.   2 Platz in der Verbandsliga.<\/p>\n\n\n\n<p><\/p>\n\n\n\n<p>SG Ulm &amp; Wiblingen: Luisa Frank (13), Sanne Reitz (10), Pennie Pagliari (8), Aurea Konjuvca (6), Lieselotte Rehm (5), Magdalena B\u00f6ck (2), Leonie Satinovic (1), Isabell Mc Ilhone (1), Saskia Fromm. Offizielle: Pauli<\/p>\n\n\n\n<p>Unseren Saisonabschlu\u00df feiern wir am 25.03.2022 mit beiden Teams der C1 und C2.<br>Wir danken Pauli<\/p>\n\n\n\n<p>Wir danken allen Trainern, allen Verantwortlichen in unserem Verein und auch unseren Eltern f\u00fcr die weiten Fahrten und das Trikotswaschen. Und allen Schiris danken wir auch.<\/p>\n\n\n\n<figure class=\"wp-block-image size-large\"><img loading=\"lazy\" decoding=\"async\" width=\"1024\" height=\"838\" src=\"https:\/\/www.handball-ulm.de\/wp-content\/uploads\/2022\/03\/Screenshot_20220306-151753_Instagram-1024x838.jpg\" alt=\"\" class=\"wp-image-9001\" srcset=\"https:\/\/www.handball-ulm.de\/wp-content\/uploads\/2022\/03\/Screenshot_20220306-151753_Instagram-1024x838.jpg 1024w, https:\/\/www.handball-ulm.de\/wp-content\/uploads\/2022\/03\/Screenshot_20220306-151753_Instagram-300x246.jpg 300w, https:\/\/www.handball-ulm.de\/wp-content\/uploads\/2022\/03\/Screenshot_20220306-151753_Instagram-768x629.jpg 768w, https:\/\/www.handball-ulm.de\/wp-content\/uploads\/2022\/03\/Screenshot_20220306-151753_Instagram.jpg 1080w\" sizes=\"(max-width: 1024px) 100vw, 1024px\" \/><\/figure>\n","protected":false},"excerpt":{"rendered":"<p>Sieg. Sieg. Sieg<\/p>\n<br\/><br\/><a class=\"read-more\" href=\"https:\/\/www.handball-ulm.de\/?p=8993\"> Mehr lesen...<\/a>","protected":false},"author":10,"featured_media":8999,"comment_status":"closed","ping_status":"closed","sticky":false,"template":"","format":"standard","meta":{"ngg_post_thumbnail":0,"footnotes":""},"categories":[72,8,63,20],"tags":[],"_links":{"self":[{"href":"https:\/\/www.handball-ulm.de\/index.php?rest_route=\/wp\/v2\/posts\/8993"}],"collection":[{"href":"https:\/\/www.handball-ulm.de\/index.php?rest_route=\/wp\/v2\/posts"}],"about":[{"href":"https:\/\/www.handball-ulm.de\/index.php?rest_route=\/wp\/v2\/types\/post"}],"author":[{"embeddable":true,"href":"https:\/\/www.handball-ulm.de\/index.php?rest_route=\/wp\/v2\/users\/10"}],"replies":[{"embeddable":true,"href":"https:\/\/www.handball-ulm.de\/index.php?rest_route=%2Fwp%2Fv2%2Fcomments&post=8993"}],"version-history":[{"count":3,"href":"https:\/\/www.handball-ulm.de\/index.php?rest_route=\/wp\/v2\/posts\/8993\/revisions"}],"predecessor-version":[{"id":9002,"href":"https:\/\/www.handball-ulm.de\/index.php?rest_route=\/wp\/v2\/posts\/8993\/revisions\/9002"}],"wp:featuredmedia":[{"embeddable":true,"href":"https:\/\/www.handball-ulm.de\/index.php?rest_route=\/wp\/v2\/media\/8999"}],"wp:attachment":[{"href":"https:\/\/www.handball-ulm.de\/index.php?rest_route=%2Fwp%2Fv2%2Fmedia&parent=8993"}],"wp:term":[{"taxonomy":"category","embeddable":true,"href":"https:\/\/www.handball-ulm.de\/index.php?rest_route=%2Fwp%2Fv2%2Fcategories&post=8993"},{"taxonomy":"post_tag","embeddable":true,"href":"https:\/\/www.handball-ulm.de\/index.php?rest_route=%2Fwp%2Fv2%2Ftags&post=8993"}],"curies":[{"name":"wp","href":"https:\/\/api.w.org\/{rel}","templated":true}]}}