{"id":8829,"date":"2022-02-13T13:49:00","date_gmt":"2022-02-13T12:49:00","guid":{"rendered":"https:\/\/www.handball-ulm.de\/?p=8829"},"modified":"2022-02-26T14:25:26","modified_gmt":"2022-02-26T13:25:26","slug":"mini-spieltag-am-13-02-2022","status":"publish","type":"post","link":"https:\/\/www.handball-ulm.de\/?p=8829","title":{"rendered":"Mini-Spieltag am 13.02.2022"},"content":{"rendered":"\n<figure class=\"wp-block-image size-large\"><img loading=\"lazy\" decoding=\"async\" width=\"1024\" height=\"683\" src=\"https:\/\/www.handball-ulm.de\/wp-content\/uploads\/2022\/02\/MInis-1024x683.jpg\" alt=\"\" class=\"wp-image-8974\" srcset=\"https:\/\/www.handball-ulm.de\/wp-content\/uploads\/2022\/02\/MInis-1024x683.jpg 1024w, https:\/\/www.handball-ulm.de\/wp-content\/uploads\/2022\/02\/MInis-300x200.jpg 300w, https:\/\/www.handball-ulm.de\/wp-content\/uploads\/2022\/02\/MInis-768x512.jpg 768w, https:\/\/www.handball-ulm.de\/wp-content\/uploads\/2022\/02\/MInis-600x400.jpg 600w, https:\/\/www.handball-ulm.de\/wp-content\/uploads\/2022\/02\/MInis-1536x1024.jpg 1536w, https:\/\/www.handball-ulm.de\/wp-content\/uploads\/2022\/02\/MInis-1170x780.jpg 1170w, https:\/\/www.handball-ulm.de\/wp-content\/uploads\/2022\/02\/MInis.jpg 1800w\" sizes=\"(max-width: 1024px) 100vw, 1024px\" \/><\/figure>\n\n\n\n<p>Das Spielfeld voll mit wei\u00dfen Trikots von der SG Ulm-Wiblingen, das k\u00f6nnen nur unsere MINIs aus der Weststadt und aus Wiblingen sein! Ja, hier findet der Spieltag unserer beiden Minimannschaften 1 gegen 2 statt. Nach dem Einlaufen der beiden Mannschaften und der Begr\u00fc\u00dfung durch die Zuschauer erw\u00e4rmen sich unsere Kinder beim Kettenfangen. Zwei Kinder nehmen sich an die Hand und fangen ein anderes Kind, welches nun wiederum an der Hand in einer Dreierkette ein weiteres Kind fangen muss. Beim vierten Kind wird die Kette geteilt und zwei Gruppen rennen zum Fangen weiter. Und so weiter und so weiter, bis alle Kinder gefangen wurden. Ja, es ist nicht so einfach, da die Kinder unterschiedlich schnell sind. So gehen auch immer wieder Kinder \u201everloren\u201c oder \u201epurzeln\u201c aus der Kette heraus. Das sich untereinander Abstimmen in der Gruppe wird hier schon im kindlichem Spiel ge\u00fcbt.<\/p>\n\n\n\n<p>Weiter geht es zum Balltreiben auf zwei Feldern. Ein Gymnastikball muss mittels Handballw\u00fcrfen \u00fcber die gegnerische Ziellinie gebracht werden. Aber! Die gegnerische Seite versucht ebenfalls durch Handballw\u00fcrfe den Ball auf die andere Seite zu rollen. Dieses Spiel lieben unsere Kinder, da sich hier jeder einbringen kann. Der eine durch seine gezielten W\u00fcrfe, der andere durch seine Taktik beim Einsetzen des Handballs und manch einer nur durch das Zutragen der Handb\u00e4lle. Alle sind wichtig und eine Pause gibt es f\u00fcr niemanden.<\/p>\n\n\n\n<p>Beim K\u00f6nigsball treten nun die beiden Mannschaften mit jeweils 4 Feldspielern und 1 K\u00f6nig gegeneinander auf dem Spielfeld an. Hier zeigen sich die F\u00e4higkeiten unserer Minis beim Zupassen oder Herausfangen des Balles. Wichtig ist es immer, den Ball in die richtige Richtung zu transportieren, n\u00e4mlich zum eigenen K\u00f6nig. Dass der K\u00f6nig dann aber bei Ballbesitz der eigenen Mannschaft aufmerksam dabei ist, dass f\u00e4llt Kindern in diesem Alter nicht leicht. Da sind die Zuschauer auf der Trib\u00fcne oder die Decke der Turnhalle oder das Wetter drau\u00dfen oftmals viel interessanter. F\u00fcr uns Trainer*innen ein \u201eleider\u201c, f\u00fcr unsere 5- bzw. 6j\u00e4hrigen aber ganz normal. Wir k\u00f6nnen feststellen, dass unsere Mannschaften das Spiel richtig gut hinbekommen haben.<\/p>\n\n\n\n<p>Der sch\u00f6nste Teil dieses Spieltages ist der Bewegungsparcours. Da kann sich jeder an den vielen Stationen messen. Wir haben einigen Stationen Namen gegeben, so gibt es die Affenschaukel, dass Matterhorn, die Wippe, die Donaubr\u00fccke, den Mattentunnel, aber auch eine Wurfstation mit kleinem Tor und vieles mehr. Dank einiger helfenden Trainer*innen unserer Miniminis konnten alle Stationen fachm\u00e4nnisch betreut werden.<\/p>\n\n\n\n<p>Zum Abschluss, so wie es die Gastgeber in jedem Training machen, geh\u00f6rt ein Staffellauf. Nochmals zum Ende alles geben und so schnell man kann, um das H\u00fctchen rennen und dabei angefeuert von den Trainer*innen und der eigenen Gruppe, dass bringt jedes Kind nicht nur zum Schwitzen, sondern entwickelt in der Gruppe auch den Ehrgeiz des Siegens. Die Zuschauer k\u00f6nnen es nicht nur sehen, sondern auch lautstark h\u00f6ren.<\/p>\n\n\n\n<p>Belohnt f\u00fcr den Einsatz an diesem Spieltag mit einer \u201eGold\u201c-Medaille haben alle unsere Kleinen den Eltern, Gro\u00dfeltern, Geschwistern, Freunden, Verwandten und Bekannten noch Tage danach stolz von diesem Wettkampftag zu berichten. So soll es sein!<\/p>\n\n\n\n<p>Wir danken den Kuchenspendern, den Bewirtungshelfern, dem helfendem Vater beim Aufbau des Parcours und w\u00fcrden f\u00fcr den geplanten letzten gro\u00dfen Spieltag der Saison am 03.04.2022 wieder gerne Eure Hilfe annehmen.<\/p>\n\n\n\n<p>Jana Frey<\/p>\n\n\n\n<p>Trainerin der Gastgebermannschaft<\/p>\n\n\n\n<p>Mehr Fotos zu diesem Spiel unter dem <a href=\"https:\/\/www.handball-ulm.de\/index.php\/nggallery\/alles\/spieltag-minis-sg-ulm-13-02-2022?page_id=91\">Link<\/a>.<\/p>\n\n\n\n<figure class=\"wp-block-image size-large\"><img loading=\"lazy\" decoding=\"async\" width=\"1024\" height=\"683\" src=\"https:\/\/www.handball-ulm.de\/wp-content\/uploads\/2022\/02\/Minis2-1024x683.jpg\" alt=\"\" class=\"wp-image-8975\" srcset=\"https:\/\/www.handball-ulm.de\/wp-content\/uploads\/2022\/02\/Minis2-1024x683.jpg 1024w, https:\/\/www.handball-ulm.de\/wp-content\/uploads\/2022\/02\/Minis2-300x200.jpg 300w, https:\/\/www.handball-ulm.de\/wp-content\/uploads\/2022\/02\/Minis2-768x512.jpg 768w, https:\/\/www.handball-ulm.de\/wp-content\/uploads\/2022\/02\/Minis2-600x400.jpg 600w, https:\/\/www.handball-ulm.de\/wp-content\/uploads\/2022\/02\/Minis2-1536x1024.jpg 1536w, https:\/\/www.handball-ulm.de\/wp-content\/uploads\/2022\/02\/Minis2-1170x780.jpg 1170w, https:\/\/www.handball-ulm.de\/wp-content\/uploads\/2022\/02\/Minis2.jpg 1800w\" sizes=\"(max-width: 1024px) 100vw, 1024px\" \/><\/figure>\n\n\n\n<p>Die Fotos sind von Simon Reitz (<a href=\"https:\/\/www.fotopraxxis-ulm.de\/\">https:\/\/www.fotopraxxis-ulm.de\/)<\/a><\/p>\n","protected":false},"excerpt":{"rendered":"<p>Es wuselt in der Tannenplatzhalle. Die Minis sind los.<\/p>\n<br\/><br\/><a class=\"read-more\" href=\"https:\/\/www.handball-ulm.de\/?p=8829\"> Mehr lesen...<\/a>","protected":false},"author":10,"featured_media":8973,"comment_status":"closed","ping_status":"closed","sticky":false,"template":"","format":"standard","meta":{"ngg_post_thumbnail":0,"footnotes":""},"categories":[72,29,30,8,63],"tags":[],"_links":{"self":[{"href":"https:\/\/www.handball-ulm.de\/index.php?rest_route=\/wp\/v2\/posts\/8829"}],"collection":[{"href":"https:\/\/www.handball-ulm.de\/index.php?rest_route=\/wp\/v2\/posts"}],"about":[{"href":"https:\/\/www.handball-ulm.de\/index.php?rest_route=\/wp\/v2\/types\/post"}],"author":[{"embeddable":true,"href":"https:\/\/www.handball-ulm.de\/index.php?rest_route=\/wp\/v2\/users\/10"}],"replies":[{"embeddable":true,"href":"https:\/\/www.handball-ulm.de\/index.php?rest_route=%2Fwp%2Fv2%2Fcomments&post=8829"}],"version-history":[{"count":4,"href":"https:\/\/www.handball-ulm.de\/index.php?rest_route=\/wp\/v2\/posts\/8829\/revisions"}],"predecessor-version":[{"id":8978,"href":"https:\/\/www.handball-ulm.de\/index.php?rest_route=\/wp\/v2\/posts\/8829\/revisions\/8978"}],"wp:featuredmedia":[{"embeddable":true,"href":"https:\/\/www.handball-ulm.de\/index.php?rest_route=\/wp\/v2\/media\/8973"}],"wp:attachment":[{"href":"https:\/\/www.handball-ulm.de\/index.php?rest_route=%2Fwp%2Fv2%2Fmedia&parent=8829"}],"wp:term":[{"taxonomy":"category","embeddable":true,"href":"https:\/\/www.handball-ulm.de\/index.php?rest_route=%2Fwp%2Fv2%2Fcategories&post=8829"},{"taxonomy":"post_tag","embeddable":true,"href":"https:\/\/www.handball-ulm.de\/index.php?rest_route=%2Fwp%2Fv2%2Ftags&post=8829"}],"curies":[{"name":"wp","href":"https:\/\/api.w.org\/{rel}","templated":true}]}}