{"id":8825,"date":"2022-02-20T20:10:00","date_gmt":"2022-02-20T19:10:00","guid":{"rendered":"https:\/\/www.handball-ulm.de\/?p=8825"},"modified":"2022-02-20T22:23:05","modified_gmt":"2022-02-20T21:23:05","slug":"sieg-in-der-verbandsliga","status":"publish","type":"post","link":"https:\/\/www.handball-ulm.de\/?p=8825","title":{"rendered":"Sieg in der Verbandsliga"},"content":{"rendered":"\n<p>Heute fuhren wir zusammen nach Asperg.<br>Mit viel Motivation gingen wir ins Spiel. Wir wollten endlich wieder einen Sieg nach Hause holen.<br>Dies haben wir geschafft.<br>Wir konnten als Team arbeiten und k\u00e4mpften bis zum Ende und hatten alle Spa\u00df. Das war n\u00e4mlich heute die Vorgabe von unserer Trainerin.<br>Unser Vierpersonenpublikum war so laut wie die ganze restliche Halle. Das gefiel uns gut.<\/p>\n\n\n\n<figure class=\"wp-block-image size-large\"><img loading=\"lazy\" decoding=\"async\" width=\"1024\" height=\"674\" src=\"https:\/\/www.handball-ulm.de\/wp-content\/uploads\/2022\/02\/WhatsApp-Image-2022-02-20-at-16.08.45.jpeg\" alt=\"\" class=\"wp-image-8826\" srcset=\"https:\/\/www.handball-ulm.de\/wp-content\/uploads\/2022\/02\/WhatsApp-Image-2022-02-20-at-16.08.45.jpeg 1024w, https:\/\/www.handball-ulm.de\/wp-content\/uploads\/2022\/02\/WhatsApp-Image-2022-02-20-at-16.08.45-300x197.jpeg 300w, https:\/\/www.handball-ulm.de\/wp-content\/uploads\/2022\/02\/WhatsApp-Image-2022-02-20-at-16.08.45-768x506.jpeg 768w\" sizes=\"(max-width: 1024px) 100vw, 1024px\" \/><\/figure>\n\n\n\n<p><br>In die Halbzeit gingen wir mit klarem Vorsprung. 13:23<br>Wir spielten immer weiter als Team, das zeigt der Endstand 24:39.<br>Wir waren sehr froh und stolz und wollen so weiter machen und auch die anderen Gegner besiegen.<br>Wir danken Pauli und unseren Eltern, die alles gegeben haben, um uns anzufeuern und uns nat\u00fcrlich diese weite Strecke auch gefahren haben.<\/p>\n\n\n\n<p>Wir danken dem Schiri Kevin Protzmann f\u00fcr seine gute Leistung.<\/p>\n","protected":false},"excerpt":{"rendered":"<p>Nicht ganz 40 Tore, aber ein sch\u00f6nes Spiel<\/p>\n<br\/><br\/><a class=\"read-more\" href=\"https:\/\/www.handball-ulm.de\/?p=8825\"> Mehr lesen...<\/a>","protected":false},"author":10,"featured_media":8826,"comment_status":"closed","ping_status":"closed","sticky":false,"template":"","format":"standard","meta":{"ngg_post_thumbnail":0,"footnotes":""},"categories":[72,8,63,20],"tags":[],"_links":{"self":[{"href":"https:\/\/www.handball-ulm.de\/index.php?rest_route=\/wp\/v2\/posts\/8825"}],"collection":[{"href":"https:\/\/www.handball-ulm.de\/index.php?rest_route=\/wp\/v2\/posts"}],"about":[{"href":"https:\/\/www.handball-ulm.de\/index.php?rest_route=\/wp\/v2\/types\/post"}],"author":[{"embeddable":true,"href":"https:\/\/www.handball-ulm.de\/index.php?rest_route=\/wp\/v2\/users\/10"}],"replies":[{"embeddable":true,"href":"https:\/\/www.handball-ulm.de\/index.php?rest_route=%2Fwp%2Fv2%2Fcomments&post=8825"}],"version-history":[{"count":1,"href":"https:\/\/www.handball-ulm.de\/index.php?rest_route=\/wp\/v2\/posts\/8825\/revisions"}],"predecessor-version":[{"id":8827,"href":"https:\/\/www.handball-ulm.de\/index.php?rest_route=\/wp\/v2\/posts\/8825\/revisions\/8827"}],"wp:featuredmedia":[{"embeddable":true,"href":"https:\/\/www.handball-ulm.de\/index.php?rest_route=\/wp\/v2\/media\/8826"}],"wp:attachment":[{"href":"https:\/\/www.handball-ulm.de\/index.php?rest_route=%2Fwp%2Fv2%2Fmedia&parent=8825"}],"wp:term":[{"taxonomy":"category","embeddable":true,"href":"https:\/\/www.handball-ulm.de\/index.php?rest_route=%2Fwp%2Fv2%2Fcategories&post=8825"},{"taxonomy":"post_tag","embeddable":true,"href":"https:\/\/www.handball-ulm.de\/index.php?rest_route=%2Fwp%2Fv2%2Ftags&post=8825"}],"curies":[{"name":"wp","href":"https:\/\/api.w.org\/{rel}","templated":true}]}}