{"id":8798,"date":"2022-02-13T16:00:00","date_gmt":"2022-02-13T15:00:00","guid":{"rendered":"https:\/\/www.handball-ulm.de\/?p=8798"},"modified":"2022-02-20T22:35:19","modified_gmt":"2022-02-20T21:35:19","slug":"nikolaus-bisschen-spaet","status":"publish","type":"post","link":"https:\/\/www.handball-ulm.de\/?p=8798","title":{"rendered":"Nikolaus? Bisschen sp\u00e4t?"},"content":{"rendered":"\n<p class=\"has-medium-font-size\">M\u00fctzen \u00fcber M\u00fctzen &#8211; die Freude ist gro\u00df &#8211; trotz kr\u00e4ftiger Sonnenstrahlen werden sie mit Begeisterung getragen. Seht selbst:<\/p>\n\n\n\n<figure class=\"wp-block-gallery columns-1 is-cropped wp-block-gallery-1 is-layout-flex wp-block-gallery-is-layout-flex\"><ul class=\"blocks-gallery-grid\"><li class=\"blocks-gallery-item\"><figure><img loading=\"lazy\" decoding=\"async\" width=\"661\" height=\"499\" src=\"https:\/\/www.handball-ulm.de\/wp-content\/uploads\/2022\/02\/WhatsApp-Image-2022-02-14-at-18.58.49.jpeg\" alt=\"\" data-id=\"8799\" data-link=\"https:\/\/www.handball-ulm.de\/?attachment_id=8799\" class=\"wp-image-8799\" srcset=\"https:\/\/www.handball-ulm.de\/wp-content\/uploads\/2022\/02\/WhatsApp-Image-2022-02-14-at-18.58.49.jpeg 661w, https:\/\/www.handball-ulm.de\/wp-content\/uploads\/2022\/02\/WhatsApp-Image-2022-02-14-at-18.58.49-300x226.jpeg 300w\" sizes=\"(max-width: 661px) 100vw, 661px\" \/><\/figure><\/li><li class=\"blocks-gallery-item\"><figure><img loading=\"lazy\" decoding=\"async\" width=\"1024\" height=\"1016\" src=\"https:\/\/www.handball-ulm.de\/wp-content\/uploads\/2022\/02\/WhatsApp-Image-2022-02-17-at-18.43.32-1024x1016.jpeg\" alt=\"\" data-id=\"8802\" data-link=\"https:\/\/www.handball-ulm.de\/?attachment_id=8802\" class=\"wp-image-8802\" srcset=\"https:\/\/www.handball-ulm.de\/wp-content\/uploads\/2022\/02\/WhatsApp-Image-2022-02-17-at-18.43.32-1024x1016.jpeg 1024w, https:\/\/www.handball-ulm.de\/wp-content\/uploads\/2022\/02\/WhatsApp-Image-2022-02-17-at-18.43.32-300x298.jpeg 300w, https:\/\/www.handball-ulm.de\/wp-content\/uploads\/2022\/02\/WhatsApp-Image-2022-02-17-at-18.43.32-150x150.jpeg 150w, https:\/\/www.handball-ulm.de\/wp-content\/uploads\/2022\/02\/WhatsApp-Image-2022-02-17-at-18.43.32-768x762.jpeg 768w, https:\/\/www.handball-ulm.de\/wp-content\/uploads\/2022\/02\/WhatsApp-Image-2022-02-17-at-18.43.32-1170x1161.jpeg 1170w, https:\/\/www.handball-ulm.de\/wp-content\/uploads\/2022\/02\/WhatsApp-Image-2022-02-17-at-18.43.32.jpeg 1187w\" sizes=\"(max-width: 1024px) 100vw, 1024px\" \/><\/figure><\/li><li class=\"blocks-gallery-item\"><figure><img loading=\"lazy\" decoding=\"async\" width=\"729\" height=\"505\" src=\"https:\/\/www.handball-ulm.de\/wp-content\/uploads\/2022\/02\/WhatsApp-Image-2022-02-16-at-15.00.08.jpeg\" alt=\"\" data-id=\"8803\" data-link=\"https:\/\/www.handball-ulm.de\/?attachment_id=8803\" class=\"wp-image-8803\" srcset=\"https:\/\/www.handball-ulm.de\/wp-content\/uploads\/2022\/02\/WhatsApp-Image-2022-02-16-at-15.00.08.jpeg 729w, https:\/\/www.handball-ulm.de\/wp-content\/uploads\/2022\/02\/WhatsApp-Image-2022-02-16-at-15.00.08-300x208.jpeg 300w\" sizes=\"(max-width: 729px) 100vw, 729px\" \/><\/figure><\/li><li class=\"blocks-gallery-item\"><figure><img loading=\"lazy\" decoding=\"async\" width=\"1024\" height=\"586\" src=\"https:\/\/www.handball-ulm.de\/wp-content\/uploads\/2022\/02\/WhatsApp-Image-2022-02-16-at-22.00.24-1024x586.jpeg\" alt=\"\" data-id=\"8804\" data-link=\"https:\/\/www.handball-ulm.de\/?attachment_id=8804\" class=\"wp-image-8804\" srcset=\"https:\/\/www.handball-ulm.de\/wp-content\/uploads\/2022\/02\/WhatsApp-Image-2022-02-16-at-22.00.24-1024x586.jpeg 1024w, https:\/\/www.handball-ulm.de\/wp-content\/uploads\/2022\/02\/WhatsApp-Image-2022-02-16-at-22.00.24-300x172.jpeg 300w, https:\/\/www.handball-ulm.de\/wp-content\/uploads\/2022\/02\/WhatsApp-Image-2022-02-16-at-22.00.24-768x439.jpeg 768w, https:\/\/www.handball-ulm.de\/wp-content\/uploads\/2022\/02\/WhatsApp-Image-2022-02-16-at-22.00.24-1170x669.jpeg 1170w, https:\/\/www.handball-ulm.de\/wp-content\/uploads\/2022\/02\/WhatsApp-Image-2022-02-16-at-22.00.24.jpeg 1498w\" sizes=\"(max-width: 1024px) 100vw, 1024px\" \/><\/figure><\/li><li class=\"blocks-gallery-item\"><figure><img loading=\"lazy\" decoding=\"async\" width=\"1024\" height=\"557\" src=\"https:\/\/www.handball-ulm.de\/wp-content\/uploads\/2022\/02\/WhatsApp-Image-2022-02-16-at-22.01.16-1024x557.jpeg\" alt=\"\" data-id=\"8805\" data-link=\"https:\/\/www.handball-ulm.de\/?attachment_id=8805\" class=\"wp-image-8805\" srcset=\"https:\/\/www.handball-ulm.de\/wp-content\/uploads\/2022\/02\/WhatsApp-Image-2022-02-16-at-22.01.16-1024x557.jpeg 1024w, https:\/\/www.handball-ulm.de\/wp-content\/uploads\/2022\/02\/WhatsApp-Image-2022-02-16-at-22.01.16-300x163.jpeg 300w, https:\/\/www.handball-ulm.de\/wp-content\/uploads\/2022\/02\/WhatsApp-Image-2022-02-16-at-22.01.16-768x418.jpeg 768w, https:\/\/www.handball-ulm.de\/wp-content\/uploads\/2022\/02\/WhatsApp-Image-2022-02-16-at-22.01.16-1536x836.jpeg 1536w, https:\/\/www.handball-ulm.de\/wp-content\/uploads\/2022\/02\/WhatsApp-Image-2022-02-16-at-22.01.16-1170x637.jpeg 1170w, https:\/\/www.handball-ulm.de\/wp-content\/uploads\/2022\/02\/WhatsApp-Image-2022-02-16-at-22.01.16.jpeg 1554w\" sizes=\"(max-width: 1024px) 100vw, 1024px\" \/><\/figure><\/li><li class=\"blocks-gallery-item\"><figure><img loading=\"lazy\" decoding=\"async\" width=\"1024\" height=\"466\" src=\"https:\/\/www.handball-ulm.de\/wp-content\/uploads\/2022\/02\/WhatsApp-Image-2022-02-18-at-21.46.34-1024x466.jpeg\" alt=\"\" data-id=\"8806\" data-link=\"https:\/\/www.handball-ulm.de\/?attachment_id=8806\" class=\"wp-image-8806\" srcset=\"https:\/\/www.handball-ulm.de\/wp-content\/uploads\/2022\/02\/WhatsApp-Image-2022-02-18-at-21.46.34-1024x466.jpeg 1024w, https:\/\/www.handball-ulm.de\/wp-content\/uploads\/2022\/02\/WhatsApp-Image-2022-02-18-at-21.46.34-300x137.jpeg 300w, https:\/\/www.handball-ulm.de\/wp-content\/uploads\/2022\/02\/WhatsApp-Image-2022-02-18-at-21.46.34-768x350.jpeg 768w, https:\/\/www.handball-ulm.de\/wp-content\/uploads\/2022\/02\/WhatsApp-Image-2022-02-18-at-21.46.34-1170x533.jpeg 1170w, https:\/\/www.handball-ulm.de\/wp-content\/uploads\/2022\/02\/WhatsApp-Image-2022-02-18-at-21.46.34.jpeg 1482w\" sizes=\"(max-width: 1024px) 100vw, 1024px\" \/><\/figure><\/li><li class=\"blocks-gallery-item\"><figure><img loading=\"lazy\" decoding=\"async\" width=\"1024\" height=\"615\" src=\"https:\/\/www.handball-ulm.de\/wp-content\/uploads\/2022\/02\/WhatsApp-Image-2022-02-18-at-21.14.343-1024x615.jpeg\" alt=\"\" data-id=\"8807\" data-link=\"https:\/\/www.handball-ulm.de\/?attachment_id=8807\" class=\"wp-image-8807\" srcset=\"https:\/\/www.handball-ulm.de\/wp-content\/uploads\/2022\/02\/WhatsApp-Image-2022-02-18-at-21.14.343-1024x615.jpeg 1024w, https:\/\/www.handball-ulm.de\/wp-content\/uploads\/2022\/02\/WhatsApp-Image-2022-02-18-at-21.14.343-300x180.jpeg 300w, https:\/\/www.handball-ulm.de\/wp-content\/uploads\/2022\/02\/WhatsApp-Image-2022-02-18-at-21.14.343-768x461.jpeg 768w, https:\/\/www.handball-ulm.de\/wp-content\/uploads\/2022\/02\/WhatsApp-Image-2022-02-18-at-21.14.343-1170x702.jpeg 1170w, https:\/\/www.handball-ulm.de\/wp-content\/uploads\/2022\/02\/WhatsApp-Image-2022-02-18-at-21.14.343.jpeg 1424w\" sizes=\"(max-width: 1024px) 100vw, 1024px\" \/><\/figure><\/li><li class=\"blocks-gallery-item\"><figure><img loading=\"lazy\" decoding=\"async\" width=\"1024\" height=\"683\" src=\"https:\/\/www.handball-ulm.de\/wp-content\/uploads\/2022\/02\/WhatsApp-Image-2022-02-13-at-20.30.03-1-1024x683.jpeg\" alt=\"\" data-id=\"8808\" data-link=\"https:\/\/www.handball-ulm.de\/?attachment_id=8808\" class=\"wp-image-8808\" srcset=\"https:\/\/www.handball-ulm.de\/wp-content\/uploads\/2022\/02\/WhatsApp-Image-2022-02-13-at-20.30.03-1-1024x683.jpeg 1024w, https:\/\/www.handball-ulm.de\/wp-content\/uploads\/2022\/02\/WhatsApp-Image-2022-02-13-at-20.30.03-1-300x200.jpeg 300w, https:\/\/www.handball-ulm.de\/wp-content\/uploads\/2022\/02\/WhatsApp-Image-2022-02-13-at-20.30.03-1-768x512.jpeg 768w, https:\/\/www.handball-ulm.de\/wp-content\/uploads\/2022\/02\/WhatsApp-Image-2022-02-13-at-20.30.03-1-600x400.jpeg 600w, https:\/\/www.handball-ulm.de\/wp-content\/uploads\/2022\/02\/WhatsApp-Image-2022-02-13-at-20.30.03-1-1536x1024.jpeg 1536w, https:\/\/www.handball-ulm.de\/wp-content\/uploads\/2022\/02\/WhatsApp-Image-2022-02-13-at-20.30.03-1-1170x780.jpeg 1170w, https:\/\/www.handball-ulm.de\/wp-content\/uploads\/2022\/02\/WhatsApp-Image-2022-02-13-at-20.30.03-1.jpeg 1600w\" sizes=\"(max-width: 1024px) 100vw, 1024px\" \/><\/figure><\/li><li class=\"blocks-gallery-item\"><figure><img loading=\"lazy\" decoding=\"async\" width=\"787\" height=\"599\" src=\"https:\/\/www.handball-ulm.de\/wp-content\/uploads\/2022\/02\/WhatsApp-Image-2022-02-14-at-18.58.49-Kopie-rotated.jpeg\" alt=\"\" data-id=\"8809\" data-link=\"https:\/\/www.handball-ulm.de\/?attachment_id=8809\" class=\"wp-image-8809\" srcset=\"https:\/\/www.handball-ulm.de\/wp-content\/uploads\/2022\/02\/WhatsApp-Image-2022-02-14-at-18.58.49-Kopie-rotated.jpeg 787w, https:\/\/www.handball-ulm.de\/wp-content\/uploads\/2022\/02\/WhatsApp-Image-2022-02-14-at-18.58.49-Kopie-300x228.jpeg 300w, https:\/\/www.handball-ulm.de\/wp-content\/uploads\/2022\/02\/WhatsApp-Image-2022-02-14-at-18.58.49-Kopie-768x585.jpeg 768w\" sizes=\"(max-width: 787px) 100vw, 787px\" \/><\/figure><\/li><li class=\"blocks-gallery-item\"><figure><img loading=\"lazy\" decoding=\"async\" width=\"1024\" height=\"452\" src=\"https:\/\/www.handball-ulm.de\/wp-content\/uploads\/2022\/02\/WhatsApp-Image-2022-02-18-at-20.47.26-1024x452.jpeg\" alt=\"\" data-id=\"8815\" data-link=\"https:\/\/www.handball-ulm.de\/?attachment_id=8815\" class=\"wp-image-8815\" srcset=\"https:\/\/www.handball-ulm.de\/wp-content\/uploads\/2022\/02\/WhatsApp-Image-2022-02-18-at-20.47.26-1024x452.jpeg 1024w, https:\/\/www.handball-ulm.de\/wp-content\/uploads\/2022\/02\/WhatsApp-Image-2022-02-18-at-20.47.26-300x132.jpeg 300w, https:\/\/www.handball-ulm.de\/wp-content\/uploads\/2022\/02\/WhatsApp-Image-2022-02-18-at-20.47.26-768x339.jpeg 768w, https:\/\/www.handball-ulm.de\/wp-content\/uploads\/2022\/02\/WhatsApp-Image-2022-02-18-at-20.47.26-1536x678.jpeg 1536w, https:\/\/www.handball-ulm.de\/wp-content\/uploads\/2022\/02\/WhatsApp-Image-2022-02-18-at-20.47.26-1170x517.jpeg 1170w, https:\/\/www.handball-ulm.de\/wp-content\/uploads\/2022\/02\/WhatsApp-Image-2022-02-18-at-20.47.26.jpeg 1549w\" sizes=\"(max-width: 1024px) 100vw, 1024px\" \/><\/figure><\/li><li class=\"blocks-gallery-item\"><figure><img loading=\"lazy\" decoding=\"async\" width=\"1024\" height=\"514\" src=\"https:\/\/www.handball-ulm.de\/wp-content\/uploads\/2022\/02\/WhatsApp-Image-2022-02-19-at-08.21.15-1024x514.jpeg\" alt=\"\" data-id=\"8818\" data-link=\"https:\/\/www.handball-ulm.de\/?attachment_id=8818\" class=\"wp-image-8818\" srcset=\"https:\/\/www.handball-ulm.de\/wp-content\/uploads\/2022\/02\/WhatsApp-Image-2022-02-19-at-08.21.15-1024x514.jpeg 1024w, https:\/\/www.handball-ulm.de\/wp-content\/uploads\/2022\/02\/WhatsApp-Image-2022-02-19-at-08.21.15-300x151.jpeg 300w, https:\/\/www.handball-ulm.de\/wp-content\/uploads\/2022\/02\/WhatsApp-Image-2022-02-19-at-08.21.15-768x385.jpeg 768w, https:\/\/www.handball-ulm.de\/wp-content\/uploads\/2022\/02\/WhatsApp-Image-2022-02-19-at-08.21.15-1536x771.jpeg 1536w, https:\/\/www.handball-ulm.de\/wp-content\/uploads\/2022\/02\/WhatsApp-Image-2022-02-19-at-08.21.15-1170x587.jpeg 1170w, https:\/\/www.handball-ulm.de\/wp-content\/uploads\/2022\/02\/WhatsApp-Image-2022-02-19-at-08.21.15.jpeg 1692w\" sizes=\"(max-width: 1024px) 100vw, 1024px\" \/><\/figure><\/li><li class=\"blocks-gallery-item\"><figure><img loading=\"lazy\" decoding=\"async\" width=\"995\" height=\"604\" src=\"https:\/\/www.handball-ulm.de\/wp-content\/uploads\/2022\/02\/WhatsApp-Image-2022-02-19-at-08.22.09.jpeg\" alt=\"\" data-id=\"8819\" data-link=\"https:\/\/www.handball-ulm.de\/?attachment_id=8819\" class=\"wp-image-8819\" srcset=\"https:\/\/www.handball-ulm.de\/wp-content\/uploads\/2022\/02\/WhatsApp-Image-2022-02-19-at-08.22.09.jpeg 995w, https:\/\/www.handball-ulm.de\/wp-content\/uploads\/2022\/02\/WhatsApp-Image-2022-02-19-at-08.22.09-300x182.jpeg 300w, https:\/\/www.handball-ulm.de\/wp-content\/uploads\/2022\/02\/WhatsApp-Image-2022-02-19-at-08.22.09-768x466.jpeg 768w\" sizes=\"(max-width: 995px) 100vw, 995px\" \/><\/figure><\/li><li class=\"blocks-gallery-item\"><figure><img loading=\"lazy\" decoding=\"async\" width=\"1024\" height=\"454\" src=\"https:\/\/www.handball-ulm.de\/wp-content\/uploads\/2022\/02\/WhatsApp-Image-2022-02-19-at-08.21.14-1024x454.jpeg\" alt=\"\" data-id=\"8821\" data-full-url=\"https:\/\/www.handball-ulm.de\/wp-content\/uploads\/2022\/02\/WhatsApp-Image-2022-02-19-at-08.21.14.jpeg\" data-link=\"https:\/\/www.handball-ulm.de\/?attachment_id=8821\" class=\"wp-image-8821\" srcset=\"https:\/\/www.handball-ulm.de\/wp-content\/uploads\/2022\/02\/WhatsApp-Image-2022-02-19-at-08.21.14-1024x454.jpeg 1024w, https:\/\/www.handball-ulm.de\/wp-content\/uploads\/2022\/02\/WhatsApp-Image-2022-02-19-at-08.21.14-300x133.jpeg 300w, https:\/\/www.handball-ulm.de\/wp-content\/uploads\/2022\/02\/WhatsApp-Image-2022-02-19-at-08.21.14-768x341.jpeg 768w, https:\/\/www.handball-ulm.de\/wp-content\/uploads\/2022\/02\/WhatsApp-Image-2022-02-19-at-08.21.14-964x428.jpeg 964w, https:\/\/www.handball-ulm.de\/wp-content\/uploads\/2022\/02\/WhatsApp-Image-2022-02-19-at-08.21.14-1170x519.jpeg 1170w, https:\/\/www.handball-ulm.de\/wp-content\/uploads\/2022\/02\/WhatsApp-Image-2022-02-19-at-08.21.14.jpeg 1280w\" sizes=\"(max-width: 1024px) 100vw, 1024px\" \/><\/figure><\/li><\/ul><\/figure>\n","protected":false},"excerpt":{"rendered":"<p>M\u00fctzen \u00fcber M\u00fctzen &#8211; die Freude ist gro\u00df &#8211; trotz kr\u00e4ftiger Sonnenstrahlen werden sie mit Begeisterung getragen. Seht selbst:<\/p>\n<br\/><br\/><a class=\"read-more\" href=\"https:\/\/www.handball-ulm.de\/?p=8798\"> Mehr lesen...<\/a>","protected":false},"author":10,"featured_media":8813,"comment_status":"closed","ping_status":"closed","sticky":false,"template":"","format":"standard","meta":{"ngg_post_thumbnail":0,"footnotes":""},"categories":[72,8,63],"tags":[],"_links":{"self":[{"href":"https:\/\/www.handball-ulm.de\/index.php?rest_route=\/wp\/v2\/posts\/8798"}],"collection":[{"href":"https:\/\/www.handball-ulm.de\/index.php?rest_route=\/wp\/v2\/posts"}],"about":[{"href":"https:\/\/www.handball-ulm.de\/index.php?rest_route=\/wp\/v2\/types\/post"}],"author":[{"embeddable":true,"href":"https:\/\/www.handball-ulm.de\/index.php?rest_route=\/wp\/v2\/users\/10"}],"replies":[{"embeddable":true,"href":"https:\/\/www.handball-ulm.de\/index.php?rest_route=%2Fwp%2Fv2%2Fcomments&post=8798"}],"version-history":[{"count":6,"href":"https:\/\/www.handball-ulm.de\/index.php?rest_route=\/wp\/v2\/posts\/8798\/revisions"}],"predecessor-version":[{"id":8828,"href":"https:\/\/www.handball-ulm.de\/index.php?rest_route=\/wp\/v2\/posts\/8798\/revisions\/8828"}],"wp:featuredmedia":[{"embeddable":true,"href":"https:\/\/www.handball-ulm.de\/index.php?rest_route=\/wp\/v2\/media\/8813"}],"wp:attachment":[{"href":"https:\/\/www.handball-ulm.de\/index.php?rest_route=%2Fwp%2Fv2%2Fmedia&parent=8798"}],"wp:term":[{"taxonomy":"category","embeddable":true,"href":"https:\/\/www.handball-ulm.de\/index.php?rest_route=%2Fwp%2Fv2%2Fcategories&post=8798"},{"taxonomy":"post_tag","embeddable":true,"href":"https:\/\/www.handball-ulm.de\/index.php?rest_route=%2Fwp%2Fv2%2Ftags&post=8798"}],"curies":[{"name":"wp","href":"https:\/\/api.w.org\/{rel}","templated":true}]}}