{"id":8792,"date":"2022-02-13T19:20:00","date_gmt":"2022-02-13T18:20:00","guid":{"rendered":"https:\/\/www.handball-ulm.de\/?p=8792"},"modified":"2022-02-17T19:22:26","modified_gmt":"2022-02-17T18:22:26","slug":"trainerwechsel-in-der-sg-jugendleiterin-dinah-reitz-uebernimmt-ab-sofort-den-frauenbereich","status":"publish","type":"post","link":"https:\/\/www.handball-ulm.de\/?p=8792","title":{"rendered":"Trainerwechsel in der SG \u2013 Jugendleiterin Dinah Reitz \u00fcbernimmt ab sofort den Frauenbereich"},"content":{"rendered":"\n<figure class=\"wp-block-image size-large is-resized\"><img loading=\"lazy\" decoding=\"async\" src=\"https:\/\/www.handball-ulm.de\/wp-content\/uploads\/2022\/02\/6H0A6842-683x1024.jpg\" alt=\"\" class=\"wp-image-8793\" width=\"361\" height=\"541\" srcset=\"https:\/\/www.handball-ulm.de\/wp-content\/uploads\/2022\/02\/6H0A6842-683x1024.jpg 683w, https:\/\/www.handball-ulm.de\/wp-content\/uploads\/2022\/02\/6H0A6842-200x300.jpg 200w, https:\/\/www.handball-ulm.de\/wp-content\/uploads\/2022\/02\/6H0A6842-768x1151.jpg 768w, https:\/\/www.handball-ulm.de\/wp-content\/uploads\/2022\/02\/6H0A6842-1025x1536.jpg 1025w, https:\/\/www.handball-ulm.de\/wp-content\/uploads\/2022\/02\/6H0A6842-1366x2048.jpg 1366w, https:\/\/www.handball-ulm.de\/wp-content\/uploads\/2022\/02\/6H0A6842-1170x1754.jpg 1170w, https:\/\/www.handball-ulm.de\/wp-content\/uploads\/2022\/02\/6H0A6842-scaled.jpg 1708w\" sizes=\"(max-width: 361px) 100vw, 361px\" \/><\/figure>\n\n\n\n<p>Der urspr\u00fcnglich f\u00fcr Ende der Saison geplante Trainerwechsel der Frauen von Mathias Kicherer auf Dinah Reitz wird sofort vollzogen. Wir danken Mathias sehr f\u00fcr seinen Einsatz und die Bereitschaft, unsere beiden Damenmannschaften in Personalunion zu betreuen. Wir w\u00fcnschen Mathias f\u00fcr die Zukunft alles Gute.<\/p>\n\n\n\n<p>Allrounderin Dinah Reitz \u00fcbernimmt nun den Damenbereich. Dinah ist selbst Spielerin der 1. Damenmannschaft und aktuell zudem Trainerin der weiblichen B-Jugend. Ebenso ist sie als Schiedsrichterin im Bezirk unterwegs. Wir freuen uns sehr auf eine gemeinsame Zukunft mit ihr bei den Aktiven und sind sicher, dass Dinah unseren Frauenbereich voranbringt und unsere gute Jugend miteinbindet.&nbsp;<\/p>\n","protected":false},"excerpt":{"rendered":"<p>Der urspr\u00fcnglich f\u00fcr Ende der Saison geplante Trainerwechsel der Frauen von Mathias Kicherer auf Dinah Reitz wird sofort vollzogen. Wir danken Mathias sehr f\u00fcr seinen Einsatz und die Bereitschaft, unsere beiden Damenmannschaften in Personalunion zu betreuen. Wir w\u00fcnschen Mathias f\u00fcr die Zukunft alles Gute. Allrounderin Dinah Reitz \u00fcbernimmt nun den Damenbereich. Dinah ist selbst Spielerin [&hellip;]<\/p>\n<br\/><br\/><a class=\"read-more\" href=\"https:\/\/www.handball-ulm.de\/?p=8792\"> Mehr lesen...<\/a>","protected":false},"author":10,"featured_media":8794,"comment_status":"closed","ping_status":"closed","sticky":false,"template":"","format":"standard","meta":{"ngg_post_thumbnail":0,"footnotes":""},"categories":[72,13,14,8,63],"tags":[],"_links":{"self":[{"href":"https:\/\/www.handball-ulm.de\/index.php?rest_route=\/wp\/v2\/posts\/8792"}],"collection":[{"href":"https:\/\/www.handball-ulm.de\/index.php?rest_route=\/wp\/v2\/posts"}],"about":[{"href":"https:\/\/www.handball-ulm.de\/index.php?rest_route=\/wp\/v2\/types\/post"}],"author":[{"embeddable":true,"href":"https:\/\/www.handball-ulm.de\/index.php?rest_route=\/wp\/v2\/users\/10"}],"replies":[{"embeddable":true,"href":"https:\/\/www.handball-ulm.de\/index.php?rest_route=%2Fwp%2Fv2%2Fcomments&post=8792"}],"version-history":[{"count":2,"href":"https:\/\/www.handball-ulm.de\/index.php?rest_route=\/wp\/v2\/posts\/8792\/revisions"}],"predecessor-version":[{"id":8796,"href":"https:\/\/www.handball-ulm.de\/index.php?rest_route=\/wp\/v2\/posts\/8792\/revisions\/8796"}],"wp:featuredmedia":[{"embeddable":true,"href":"https:\/\/www.handball-ulm.de\/index.php?rest_route=\/wp\/v2\/media\/8794"}],"wp:attachment":[{"href":"https:\/\/www.handball-ulm.de\/index.php?rest_route=%2Fwp%2Fv2%2Fmedia&parent=8792"}],"wp:term":[{"taxonomy":"category","embeddable":true,"href":"https:\/\/www.handball-ulm.de\/index.php?rest_route=%2Fwp%2Fv2%2Fcategories&post=8792"},{"taxonomy":"post_tag","embeddable":true,"href":"https:\/\/www.handball-ulm.de\/index.php?rest_route=%2Fwp%2Fv2%2Ftags&post=8792"}],"curies":[{"name":"wp","href":"https:\/\/api.w.org\/{rel}","templated":true}]}}