{"id":8725,"date":"2022-02-06T17:32:00","date_gmt":"2022-02-06T16:32:00","guid":{"rendered":"https:\/\/www.handball-ulm.de\/?p=8725"},"modified":"2022-02-10T17:49:10","modified_gmt":"2022-02-10T16:49:10","slug":"torregen-bei-der-maennlichen-b-jugend","status":"publish","type":"post","link":"https:\/\/www.handball-ulm.de\/?p=8725","title":{"rendered":"Torregen bei der m\u00e4nnlichen B-Jugend"},"content":{"rendered":"\n<figure class=\"wp-block-image size-large\"><img loading=\"lazy\" decoding=\"async\" width=\"991\" height=\"1024\" src=\"https:\/\/www.handball-ulm.de\/wp-content\/uploads\/2022\/02\/20220206_mB183533-991x1024.jpg\" alt=\"\" class=\"wp-image-8727\" srcset=\"https:\/\/www.handball-ulm.de\/wp-content\/uploads\/2022\/02\/20220206_mB183533-991x1024.jpg 991w, https:\/\/www.handball-ulm.de\/wp-content\/uploads\/2022\/02\/20220206_mB183533-290x300.jpg 290w, https:\/\/www.handball-ulm.de\/wp-content\/uploads\/2022\/02\/20220206_mB183533-768x794.jpg 768w, https:\/\/www.handball-ulm.de\/wp-content\/uploads\/2022\/02\/20220206_mB183533-1486x1536.jpg 1486w, https:\/\/www.handball-ulm.de\/wp-content\/uploads\/2022\/02\/20220206_mB183533-1982x2048.jpg 1982w, https:\/\/www.handball-ulm.de\/wp-content\/uploads\/2022\/02\/20220206_mB183533-1170x1209.jpg 1170w\" sizes=\"(max-width: 991px) 100vw, 991px\" \/><\/figure>\n\n\n\n<p>Am Sonntag, den 6. Februar, hatten wir ein spannendes Spiel gegen Ravensburg. Wir hatten einen sehr guten Start und f\u00fchrten schon anfangs mit 8:2. Schlussendlich gewannen wir das Spiel verdient mit 50:33. Es war ein sehr faires und sch\u00f6nes Spiel mit sehr vielen Toren. Vielen Dank an die C-Jugend, die uns immer bei unseren Spielen unterst\u00fctzt.<\/p>\n\n\n\n<p>Wir danken unserem Schiedsrichter Kevin Kraft f\u00fcr seine hervorragende Arbeit.<\/p>\n\n\n\n<figure class=\"wp-block-image size-large\"><img loading=\"lazy\" decoding=\"async\" width=\"1024\" height=\"589\" src=\"https:\/\/www.handball-ulm.de\/wp-content\/uploads\/2022\/02\/20220206_mB_Ende183546-1024x589.jpg\" alt=\"\" class=\"wp-image-8728\" srcset=\"https:\/\/www.handball-ulm.de\/wp-content\/uploads\/2022\/02\/20220206_mB_Ende183546-1024x589.jpg 1024w, https:\/\/www.handball-ulm.de\/wp-content\/uploads\/2022\/02\/20220206_mB_Ende183546-300x172.jpg 300w, https:\/\/www.handball-ulm.de\/wp-content\/uploads\/2022\/02\/20220206_mB_Ende183546-768x442.jpg 768w, https:\/\/www.handball-ulm.de\/wp-content\/uploads\/2022\/02\/20220206_mB_Ende183546-1536x883.jpg 1536w, https:\/\/www.handball-ulm.de\/wp-content\/uploads\/2022\/02\/20220206_mB_Ende183546-2048x1177.jpg 2048w, https:\/\/www.handball-ulm.de\/wp-content\/uploads\/2022\/02\/20220206_mB_Ende183546-1170x673.jpg 1170w\" sizes=\"(max-width: 1024px) 100vw, 1024px\" \/><\/figure>\n\n\n\n<figure class=\"wp-block-video\"><video controls src=\"https:\/\/www.handball-ulm.de\/wp-content\/uploads\/2022\/02\/mB_7m.mp4\"><\/video><\/figure>\n\n\n\n<figure class=\"wp-block-video\"><video controls src=\"https:\/\/www.handball-ulm.de\/wp-content\/uploads\/2022\/02\/2022_mB.mp4\"><\/video><\/figure>\n","protected":false},"excerpt":{"rendered":"<p>Die meisten Tore im Bezirk an deisem Wochenende<\/p>\n<br\/><br\/><a class=\"read-more\" href=\"https:\/\/www.handball-ulm.de\/?p=8725\"> Mehr lesen...<\/a>","protected":false},"author":10,"featured_media":8726,"comment_status":"closed","ping_status":"closed","sticky":false,"template":"","format":"standard","meta":{"ngg_post_thumbnail":0,"footnotes":""},"categories":[72,17,63],"tags":[],"_links":{"self":[{"href":"https:\/\/www.handball-ulm.de\/index.php?rest_route=\/wp\/v2\/posts\/8725"}],"collection":[{"href":"https:\/\/www.handball-ulm.de\/index.php?rest_route=\/wp\/v2\/posts"}],"about":[{"href":"https:\/\/www.handball-ulm.de\/index.php?rest_route=\/wp\/v2\/types\/post"}],"author":[{"embeddable":true,"href":"https:\/\/www.handball-ulm.de\/index.php?rest_route=\/wp\/v2\/users\/10"}],"replies":[{"embeddable":true,"href":"https:\/\/www.handball-ulm.de\/index.php?rest_route=%2Fwp%2Fv2%2Fcomments&post=8725"}],"version-history":[{"count":2,"href":"https:\/\/www.handball-ulm.de\/index.php?rest_route=\/wp\/v2\/posts\/8725\/revisions"}],"predecessor-version":[{"id":8732,"href":"https:\/\/www.handball-ulm.de\/index.php?rest_route=\/wp\/v2\/posts\/8725\/revisions\/8732"}],"wp:featuredmedia":[{"embeddable":true,"href":"https:\/\/www.handball-ulm.de\/index.php?rest_route=\/wp\/v2\/media\/8726"}],"wp:attachment":[{"href":"https:\/\/www.handball-ulm.de\/index.php?rest_route=%2Fwp%2Fv2%2Fmedia&parent=8725"}],"wp:term":[{"taxonomy":"category","embeddable":true,"href":"https:\/\/www.handball-ulm.de\/index.php?rest_route=%2Fwp%2Fv2%2Fcategories&post=8725"},{"taxonomy":"post_tag","embeddable":true,"href":"https:\/\/www.handball-ulm.de\/index.php?rest_route=%2Fwp%2Fv2%2Ftags&post=8725"}],"curies":[{"name":"wp","href":"https:\/\/api.w.org\/{rel}","templated":true}]}}