{"id":8716,"date":"2022-01-29T15:45:00","date_gmt":"2022-01-29T14:45:00","guid":{"rendered":"https:\/\/www.handball-ulm.de\/?p=8716"},"modified":"2022-02-10T15:51:30","modified_gmt":"2022-02-10T14:51:30","slug":"wiblinger-minis-zu-gast-in-langenau","status":"publish","type":"post","link":"https:\/\/www.handball-ulm.de\/?p=8716","title":{"rendered":"Wiblinger Minis zu Gast in Langenau"},"content":{"rendered":"\n<figure class=\"wp-block-image size-large\"><img loading=\"lazy\" decoding=\"async\" width=\"1024\" height=\"676\" src=\"https:\/\/www.handball-ulm.de\/wp-content\/uploads\/2022\/02\/Mannschaftsfoto-Minis-Wiblingen-1024x676.jpg\" alt=\"\" class=\"wp-image-8717\" srcset=\"https:\/\/www.handball-ulm.de\/wp-content\/uploads\/2022\/02\/Mannschaftsfoto-Minis-Wiblingen-1024x676.jpg 1024w, https:\/\/www.handball-ulm.de\/wp-content\/uploads\/2022\/02\/Mannschaftsfoto-Minis-Wiblingen-300x198.jpg 300w, https:\/\/www.handball-ulm.de\/wp-content\/uploads\/2022\/02\/Mannschaftsfoto-Minis-Wiblingen-768x507.jpg 768w, https:\/\/www.handball-ulm.de\/wp-content\/uploads\/2022\/02\/Mannschaftsfoto-Minis-Wiblingen-1536x1014.jpg 1536w, https:\/\/www.handball-ulm.de\/wp-content\/uploads\/2022\/02\/Mannschaftsfoto-Minis-Wiblingen-2048x1353.jpg 2048w, https:\/\/www.handball-ulm.de\/wp-content\/uploads\/2022\/02\/Mannschaftsfoto-Minis-Wiblingen-1170x773.jpg 1170w\" sizes=\"(max-width: 1024px) 100vw, 1024px\" \/><\/figure>\n\n\n\n<p>Dieses Wochenende waren unsere Minis Wiblingen in nahezu voller Mannschaftsst\u00e4rke in Langenau unterwegs.<\/p>\n\n\n\n<p>Zuerst spielten wir K\u00f6nigsball gegen unsere Gastgeber. Dabei zeigte sich immer mehr, was unsere M\u00e4dels und Jungs im Training bereits gelernt haben. Im Anschluss ging es durch einen abwechslungsreichen Parcours, bei dem unsere Mannschaft viel Spa\u00df hatte. Mehrere B\u00e4nke hoch und runter, durch Sprossenw\u00e4nde klettern und mit teilweise akrobatische Spr\u00fcngen auf eine Weichbodenmatte springen, waren dabei die Herausforderungen.<\/p>\n\n\n\n<p>Zum Abschluss mussten unsere Minis noch in einer Staffel nicht nur schnell rennen, sondern auch im Team ein Urwaldpuzzzle l\u00f6sen.<\/p>\n\n\n\n<p>Am Ende gab es dann unter lautem Applaus unserer zahlreich mitgereisten Fans die verdiente Medaille.<\/p>\n\n\n\n<figure class=\"wp-block-gallery columns-1 is-cropped wp-block-gallery-1 is-layout-flex wp-block-gallery-is-layout-flex\"><ul class=\"blocks-gallery-grid\"><li class=\"blocks-gallery-item\"><figure><img loading=\"lazy\" decoding=\"async\" width=\"768\" height=\"1024\" src=\"https:\/\/www.handball-ulm.de\/wp-content\/uploads\/2022\/02\/20220129_114142-768x1024.jpg\" alt=\"\" data-id=\"8718\" data-full-url=\"https:\/\/www.handball-ulm.de\/wp-content\/uploads\/2022\/02\/20220129_114142-scaled.jpg\" data-link=\"https:\/\/www.handball-ulm.de\/?attachment_id=8718\" class=\"wp-image-8718\" srcset=\"https:\/\/www.handball-ulm.de\/wp-content\/uploads\/2022\/02\/20220129_114142-768x1024.jpg 768w, https:\/\/www.handball-ulm.de\/wp-content\/uploads\/2022\/02\/20220129_114142-225x300.jpg 225w, https:\/\/www.handball-ulm.de\/wp-content\/uploads\/2022\/02\/20220129_114142-1152x1536.jpg 1152w, https:\/\/www.handball-ulm.de\/wp-content\/uploads\/2022\/02\/20220129_114142-1536x2048.jpg 1536w, https:\/\/www.handball-ulm.de\/wp-content\/uploads\/2022\/02\/20220129_114142-1170x1560.jpg 1170w, https:\/\/www.handball-ulm.de\/wp-content\/uploads\/2022\/02\/20220129_114142-scaled.jpg 1920w\" sizes=\"(max-width: 768px) 100vw, 768px\" \/><\/figure><\/li><li class=\"blocks-gallery-item\"><figure><img loading=\"lazy\" decoding=\"async\" width=\"1024\" height=\"785\" src=\"https:\/\/www.handball-ulm.de\/wp-content\/uploads\/2022\/02\/20220129_114314-1024x785.jpg\" alt=\"\" data-id=\"8719\" data-full-url=\"https:\/\/www.handball-ulm.de\/wp-content\/uploads\/2022\/02\/20220129_114314-scaled.jpg\" data-link=\"https:\/\/www.handball-ulm.de\/?attachment_id=8719\" class=\"wp-image-8719\" srcset=\"https:\/\/www.handball-ulm.de\/wp-content\/uploads\/2022\/02\/20220129_114314-1024x785.jpg 1024w, https:\/\/www.handball-ulm.de\/wp-content\/uploads\/2022\/02\/20220129_114314-300x230.jpg 300w, https:\/\/www.handball-ulm.de\/wp-content\/uploads\/2022\/02\/20220129_114314-768x589.jpg 768w, https:\/\/www.handball-ulm.de\/wp-content\/uploads\/2022\/02\/20220129_114314-1536x1178.jpg 1536w, https:\/\/www.handball-ulm.de\/wp-content\/uploads\/2022\/02\/20220129_114314-2048x1571.jpg 2048w, https:\/\/www.handball-ulm.de\/wp-content\/uploads\/2022\/02\/20220129_114314-1170x897.jpg 1170w\" sizes=\"(max-width: 1024px) 100vw, 1024px\" \/><\/figure><\/li><li class=\"blocks-gallery-item\"><figure><img loading=\"lazy\" decoding=\"async\" width=\"1024\" height=\"768\" src=\"https:\/\/www.handball-ulm.de\/wp-content\/uploads\/2022\/02\/20220129_114317-1024x768.jpg\" alt=\"\" data-id=\"8720\" data-full-url=\"https:\/\/www.handball-ulm.de\/wp-content\/uploads\/2022\/02\/20220129_114317-scaled.jpg\" data-link=\"https:\/\/www.handball-ulm.de\/?attachment_id=8720\" class=\"wp-image-8720\" srcset=\"https:\/\/www.handball-ulm.de\/wp-content\/uploads\/2022\/02\/20220129_114317-1024x768.jpg 1024w, https:\/\/www.handball-ulm.de\/wp-content\/uploads\/2022\/02\/20220129_114317-300x225.jpg 300w, https:\/\/www.handball-ulm.de\/wp-content\/uploads\/2022\/02\/20220129_114317-768x576.jpg 768w, https:\/\/www.handball-ulm.de\/wp-content\/uploads\/2022\/02\/20220129_114317-1536x1152.jpg 1536w, https:\/\/www.handball-ulm.de\/wp-content\/uploads\/2022\/02\/20220129_114317-2048x1536.jpg 2048w, https:\/\/www.handball-ulm.de\/wp-content\/uploads\/2022\/02\/20220129_114317-1170x878.jpg 1170w\" sizes=\"(max-width: 1024px) 100vw, 1024px\" \/><\/figure><\/li><li class=\"blocks-gallery-item\"><figure><img loading=\"lazy\" decoding=\"async\" width=\"768\" height=\"1024\" src=\"https:\/\/www.handball-ulm.de\/wp-content\/uploads\/2022\/02\/20220129_122842-768x1024.jpg\" alt=\"\" data-id=\"8721\" data-full-url=\"https:\/\/www.handball-ulm.de\/wp-content\/uploads\/2022\/02\/20220129_122842-scaled.jpg\" data-link=\"https:\/\/www.handball-ulm.de\/?attachment_id=8721\" class=\"wp-image-8721\" srcset=\"https:\/\/www.handball-ulm.de\/wp-content\/uploads\/2022\/02\/20220129_122842-768x1024.jpg 768w, https:\/\/www.handball-ulm.de\/wp-content\/uploads\/2022\/02\/20220129_122842-225x300.jpg 225w, https:\/\/www.handball-ulm.de\/wp-content\/uploads\/2022\/02\/20220129_122842-1152x1536.jpg 1152w, https:\/\/www.handball-ulm.de\/wp-content\/uploads\/2022\/02\/20220129_122842-1536x2048.jpg 1536w, https:\/\/www.handball-ulm.de\/wp-content\/uploads\/2022\/02\/20220129_122842-1170x1560.jpg 1170w, https:\/\/www.handball-ulm.de\/wp-content\/uploads\/2022\/02\/20220129_122842-scaled.jpg 1920w\" sizes=\"(max-width: 768px) 100vw, 768px\" \/><\/figure><\/li><li class=\"blocks-gallery-item\"><figure><img loading=\"lazy\" decoding=\"async\" width=\"768\" height=\"1024\" src=\"https:\/\/www.handball-ulm.de\/wp-content\/uploads\/2022\/02\/20220129_123112-768x1024.jpg\" alt=\"\" data-id=\"8722\" data-full-url=\"https:\/\/www.handball-ulm.de\/wp-content\/uploads\/2022\/02\/20220129_123112-scaled.jpg\" data-link=\"https:\/\/www.handball-ulm.de\/?attachment_id=8722\" class=\"wp-image-8722\" srcset=\"https:\/\/www.handball-ulm.de\/wp-content\/uploads\/2022\/02\/20220129_123112-768x1024.jpg 768w, https:\/\/www.handball-ulm.de\/wp-content\/uploads\/2022\/02\/20220129_123112-225x300.jpg 225w, https:\/\/www.handball-ulm.de\/wp-content\/uploads\/2022\/02\/20220129_123112-1152x1536.jpg 1152w, https:\/\/www.handball-ulm.de\/wp-content\/uploads\/2022\/02\/20220129_123112-1536x2048.jpg 1536w, https:\/\/www.handball-ulm.de\/wp-content\/uploads\/2022\/02\/20220129_123112-1170x1560.jpg 1170w, https:\/\/www.handball-ulm.de\/wp-content\/uploads\/2022\/02\/20220129_123112-scaled.jpg 1920w\" sizes=\"(max-width: 768px) 100vw, 768px\" \/><\/figure><\/li><li class=\"blocks-gallery-item\"><figure><img loading=\"lazy\" decoding=\"async\" width=\"1024\" height=\"768\" src=\"https:\/\/www.handball-ulm.de\/wp-content\/uploads\/2022\/02\/20220129_123525-1024x768.jpg\" alt=\"\" data-id=\"8723\" data-full-url=\"https:\/\/www.handball-ulm.de\/wp-content\/uploads\/2022\/02\/20220129_123525-scaled.jpg\" data-link=\"https:\/\/www.handball-ulm.de\/?attachment_id=8723\" class=\"wp-image-8723\" srcset=\"https:\/\/www.handball-ulm.de\/wp-content\/uploads\/2022\/02\/20220129_123525-1024x768.jpg 1024w, https:\/\/www.handball-ulm.de\/wp-content\/uploads\/2022\/02\/20220129_123525-300x225.jpg 300w, https:\/\/www.handball-ulm.de\/wp-content\/uploads\/2022\/02\/20220129_123525-768x576.jpg 768w, https:\/\/www.handball-ulm.de\/wp-content\/uploads\/2022\/02\/20220129_123525-1536x1152.jpg 1536w, https:\/\/www.handball-ulm.de\/wp-content\/uploads\/2022\/02\/20220129_123525-2048x1536.jpg 2048w, https:\/\/www.handball-ulm.de\/wp-content\/uploads\/2022\/02\/20220129_123525-1170x878.jpg 1170w\" sizes=\"(max-width: 1024px) 100vw, 1024px\" \/><\/figure><\/li><\/ul><\/figure>\n","protected":false},"excerpt":{"rendered":"<p>K\u00f6nigsball und Urwaldpuzzle<\/p>\n<br\/><br\/><a class=\"read-more\" href=\"https:\/\/www.handball-ulm.de\/?p=8716\"> Mehr lesen...<\/a>","protected":false},"author":10,"featured_media":8723,"comment_status":"closed","ping_status":"closed","sticky":false,"template":"","format":"standard","meta":{"ngg_post_thumbnail":0,"footnotes":""},"categories":[72,30,8,63],"tags":[],"_links":{"self":[{"href":"https:\/\/www.handball-ulm.de\/index.php?rest_route=\/wp\/v2\/posts\/8716"}],"collection":[{"href":"https:\/\/www.handball-ulm.de\/index.php?rest_route=\/wp\/v2\/posts"}],"about":[{"href":"https:\/\/www.handball-ulm.de\/index.php?rest_route=\/wp\/v2\/types\/post"}],"author":[{"embeddable":true,"href":"https:\/\/www.handball-ulm.de\/index.php?rest_route=\/wp\/v2\/users\/10"}],"replies":[{"embeddable":true,"href":"https:\/\/www.handball-ulm.de\/index.php?rest_route=%2Fwp%2Fv2%2Fcomments&post=8716"}],"version-history":[{"count":1,"href":"https:\/\/www.handball-ulm.de\/index.php?rest_route=\/wp\/v2\/posts\/8716\/revisions"}],"predecessor-version":[{"id":8724,"href":"https:\/\/www.handball-ulm.de\/index.php?rest_route=\/wp\/v2\/posts\/8716\/revisions\/8724"}],"wp:featuredmedia":[{"embeddable":true,"href":"https:\/\/www.handball-ulm.de\/index.php?rest_route=\/wp\/v2\/media\/8723"}],"wp:attachment":[{"href":"https:\/\/www.handball-ulm.de\/index.php?rest_route=%2Fwp%2Fv2%2Fmedia&parent=8716"}],"wp:term":[{"taxonomy":"category","embeddable":true,"href":"https:\/\/www.handball-ulm.de\/index.php?rest_route=%2Fwp%2Fv2%2Fcategories&post=8716"},{"taxonomy":"post_tag","embeddable":true,"href":"https:\/\/www.handball-ulm.de\/index.php?rest_route=%2Fwp%2Fv2%2Ftags&post=8716"}],"curies":[{"name":"wp","href":"https:\/\/api.w.org\/{rel}","templated":true}]}}