{"id":8713,"date":"2022-02-05T23:48:00","date_gmt":"2022-02-05T22:48:00","guid":{"rendered":"https:\/\/www.handball-ulm.de\/?p=8713"},"modified":"2022-02-16T16:47:55","modified_gmt":"2022-02-16T15:47:55","slug":"lokalderby","status":"publish","type":"post","link":"https:\/\/www.handball-ulm.de\/?p=8713","title":{"rendered":"Lokalderby"},"content":{"rendered":"\n<p>Die Entscheidung<\/p>\n\n\n\n<p>Das gleiche Prozedere wie letztes Wochenende? Das gleiche Prozedere wie jedes Wochenende.<\/p>\n\n\n\n<p>Mit dieser Einstellung trafen unsere M\u00e4nner 1 am Samstag den 05.02. gegen 19:00 Uhr in der Tannenplatzhalle ein. Die Spiele am Samstagabend sind bereits zur Routine geworden und so wurde auch der Sieg gegen den SC Lehr als Routine assoziiert. Ein Schuss, der nach hinten losgehen sollte.<\/p>\n\n\n\n<p>Gegen 19:30 Uhr betraten die Spieler beider Mannschaften den Hallenboden und machten sich mit der Umgebung vertraut. Erster Punkt, an dem die Ulmer ihre F\u00fchrung verloren, war noch bevor die erste Minute gespielt wurde. Der SC Lehr kam n\u00e4mlich mit seiner eigenen Musik in die Halle. F\u00fcr Ulm war sp\u00e4testens hier klar, warum ein Sieg hermusste. Wir mussten etwas unter Beweis stellen. Wir mussten zeigen, dass wir besser sind.<\/p>\n\n\n\n<p>20:30 Uhr und die Schiedsrichter des TV Weingarten pfeifen das Spiel an, ein Doppelgespann, welches definitiv im Ged\u00e4chtnis bleiben wird. Schon um 20:31 Uhr wurde die erste Verwarnung ausgesprochen und jeder in der Halle wusste, dass wird ein harter Brocken, ganz gleich ob Ulmer oder Lehrer. Bis zur Halbzeit waren die G\u00e4ste aus Lehr nahezu immer in F\u00fchrung, auch wenn es sich um 1 bis zwei Tore handelte, so waren sie dennoch diejenigen, die das Spiel in der Hand hatten. Dazu kommt noch, dass unsere SG wohl von einen Fluch verfolgt wurde, welcher es ihnen nicht erlaubt, in den ersten 30 Minuten ihr volles Potenzial zu entfalten. Bis kurz nach 21:00 Uhr wurden solide sechs gelbe Karten und zwei 2-Minuten Strafen verteilt. Halbzeitstand 17:21.<\/p>\n\n\n\n<p>Die zweiten 30 Minuten waren ein Schlagabtausch, wie er im Buche stand. Tor um Tor k\u00e4mpfte sich der Ulmer Angriff nach vorne. Doch wo im Angriff zu viel Energie aufgewendet werden musste, fehlten die letzten K\u00f6rner, um stabil in der Abwehr zu stehen. Gerade dann, wenn die halbe Abwehr nun zum X-ten Mal nach vorne preschte, weil sie auf einen Schrittfehler seitens Lehr gespielt haben und dann wieder in die Abwehr zur\u00fcckmussten.<\/p>\n\n\n\n<p>Ach ja, Schritte waren bei diesem Spiel auch so eine Sache. Nein, sie waren vermutlich DIE Sache. Wo der einzelne Gegner noch zum Torwurf kam, so musste unser Einzelner jedes Mal den Ball abdr\u00fccken. Aber das sollte die Ulmer nicht beunruhigen, denn immerhin konnten sie in der 50 Minuten eine zwei Tore F\u00fchrung herausholen und es schien so, als ob nun Ulm am Zug w\u00e4re. Doch leider waren zu viele Fehler als Mannschaft da und der Wille der G\u00e4ste aus Lehr gr\u00f6\u00dfer, um die F\u00fchrung zu halten. Kopf an Kopf knallten die Spieler allesamt die B\u00e4lle ins Tor, so dass Ulm&amp;Wiblingen bei Minute 59:14 erneut einen Ausgleich erzielte. 35:35 und noch 46 Sekunden zu spielen. Sitzen konnte in den Augenblicken keiner mehr. Lehr d\u00fcrfte nicht die Zeit haben, diese 46 Sekunden runter zu spielen. Mag man meinen. Und doch kommt 40 Sekunden nach dem Ausgleich noch ein Gegentor zwischen die Ulmer Eisen. Da half auch kein Bolzen von der Mittellinie mehr, kein Getose und Gebrumme der Fans. Nichts.<\/p>\n\n\n\n<p>Mit 35:36 gewannen die Gegner aus Lehr und fuhren die zwei Punkte aus der Heimhalle der Ulm&amp;Wiblinger.<\/p>\n\n\n\n<p>Ein gro\u00dfes Kompliment geht an Andreas Schiele, den Trainer der M\u00e4nner 1, welcher sich nach dem Spiel entschuldigte, nicht gen\u00fcgend gewechselt zu haben. Nicht nur, dass der ein oder andere Spieler nicht eine Sekunde gespielt hat, sondern auch das es Spieler gab, die ihr volles Potential nicht mehr haben entfalten k\u00f6nnen, da sie schlicht nicht mehr die Kraft dazu hatten. Dies beweist die Gr\u00f6\u00dfe, welche man als Trainer mitbringen muss. Sich nur daf\u00fcr feiern zu lassen, ein gutes Spiel zu gewinnen, ist nichts im Vergleich dazu hinzustehen und die Schuld einer Niederlage auf sich zu nehmen.<\/p>\n\n\n\n<p>Auch, wenn dieser Bericht wohl ein grobes Gef\u00fchl daf\u00fcr gibt, wie sich ein so intensives Spiel als Spieler und als Zuschauer anf\u00fchlen mag, so ist es wahrlich nicht dasselbe wie es live mitzuerleben. Darum laden wir zu unsrem n\u00e4chsten Heimspiel am Sa. 19.02 um 20:30 Uhr gegen Langenau\/Elchingen ein, ein kurzer Blick auf die Tabelle mag gen\u00fcgen, um sich dieses hei\u00df umk\u00e4mpfte Punktespiel nicht entgehen zu lassen.<\/p>\n","protected":false},"excerpt":{"rendered":"<p>Die Entscheidung Das gleiche Prozedere wie letztes Wochenende? Das gleiche Prozedere wie jedes Wochenende. Mit dieser Einstellung trafen unsere M\u00e4nner 1 am Samstag den 05.02. gegen 19:00 Uhr in der Tannenplatzhalle ein. Die Spiele am Samstagabend sind bereits zur Routine geworden und so wurde auch der Sieg gegen den SC Lehr als Routine assoziiert. Ein [&hellip;]<\/p>\n<br\/><br\/><a class=\"read-more\" href=\"https:\/\/www.handball-ulm.de\/?p=8713\"> Mehr lesen...<\/a>","protected":false},"author":10,"featured_media":8735,"comment_status":"closed","ping_status":"closed","sticky":false,"template":"","format":"standard","meta":{"ngg_post_thumbnail":0,"footnotes":""},"categories":[1,72,11,8,63],"tags":[],"_links":{"self":[{"href":"https:\/\/www.handball-ulm.de\/index.php?rest_route=\/wp\/v2\/posts\/8713"}],"collection":[{"href":"https:\/\/www.handball-ulm.de\/index.php?rest_route=\/wp\/v2\/posts"}],"about":[{"href":"https:\/\/www.handball-ulm.de\/index.php?rest_route=\/wp\/v2\/types\/post"}],"author":[{"embeddable":true,"href":"https:\/\/www.handball-ulm.de\/index.php?rest_route=\/wp\/v2\/users\/10"}],"replies":[{"embeddable":true,"href":"https:\/\/www.handball-ulm.de\/index.php?rest_route=%2Fwp%2Fv2%2Fcomments&post=8713"}],"version-history":[{"count":2,"href":"https:\/\/www.handball-ulm.de\/index.php?rest_route=\/wp\/v2\/posts\/8713\/revisions"}],"predecessor-version":[{"id":8744,"href":"https:\/\/www.handball-ulm.de\/index.php?rest_route=\/wp\/v2\/posts\/8713\/revisions\/8744"}],"wp:featuredmedia":[{"embeddable":true,"href":"https:\/\/www.handball-ulm.de\/index.php?rest_route=\/wp\/v2\/media\/8735"}],"wp:attachment":[{"href":"https:\/\/www.handball-ulm.de\/index.php?rest_route=%2Fwp%2Fv2%2Fmedia&parent=8713"}],"wp:term":[{"taxonomy":"category","embeddable":true,"href":"https:\/\/www.handball-ulm.de\/index.php?rest_route=%2Fwp%2Fv2%2Fcategories&post=8713"},{"taxonomy":"post_tag","embeddable":true,"href":"https:\/\/www.handball-ulm.de\/index.php?rest_route=%2Fwp%2Fv2%2Ftags&post=8713"}],"curies":[{"name":"wp","href":"https:\/\/api.w.org\/{rel}","templated":true}]}}