{"id":8534,"date":"2022-01-29T22:23:00","date_gmt":"2022-01-29T21:23:00","guid":{"rendered":"https:\/\/www.handball-ulm.de\/?p=8534"},"modified":"2022-02-02T21:14:28","modified_gmt":"2022-02-02T20:14:28","slug":"maenner-1-gegen-den-tv-gerhausen","status":"publish","type":"post","link":"https:\/\/www.handball-ulm.de\/?p=8534","title":{"rendered":"M\u00e4nner 1 gegen den TV Gerhausen"},"content":{"rendered":"\n<figure class=\"wp-block-image size-large\"><img loading=\"lazy\" decoding=\"async\" width=\"977\" height=\"1024\" src=\"https:\/\/www.handball-ulm.de\/wp-content\/uploads\/2022\/02\/6H0A5453-1-977x1024.jpg\" alt=\"\" class=\"wp-image-8540\" srcset=\"https:\/\/www.handball-ulm.de\/wp-content\/uploads\/2022\/02\/6H0A5453-1-977x1024.jpg 977w, https:\/\/www.handball-ulm.de\/wp-content\/uploads\/2022\/02\/6H0A5453-1-286x300.jpg 286w, https:\/\/www.handball-ulm.de\/wp-content\/uploads\/2022\/02\/6H0A5453-1-768x805.jpg 768w, https:\/\/www.handball-ulm.de\/wp-content\/uploads\/2022\/02\/6H0A5453-1.jpg 1112w\" sizes=\"(max-width: 977px) 100vw, 977px\" \/><\/figure>\n\n\n\n<p>Oh man, oh man, Corona selbst ist schon verwirrend genug, aber das unsere M\u00e4nner 1 am Samstag, den 29.01. unser Hinrundenspiel gegen den TV Gerhausen absolvierten, wobei wir anderswo schon unsere R\u00fcckspiele absolvierten, ist nun wirklich die Kirsche auf dem Sahneh\u00e4uptchen.<\/p>\n\n\n\n<p>19:00 Uhr. Die ersten Spieler der SG Ulm &amp; Wiblingen stehen vor der Tannenplatzhalle in Wiblingen. T\u00fcren verschlossen. Licht gel\u00f6scht und keine Menschenseele weit und breit zu erkennen. Doch da. Dort bewegt sich jemand auf unsere Aktiven Spieler zu. Fehlmeldung. Es war der erste Spieler aus Gerhausen, welcher verdutzt in die Halle sah und ebenso wie wir nichts au\u00dfer der Dunkelheit erkannte.<\/p>\n\n\n\n<p>19:07 Uhr. Mittlerweile hat sich ein Rudel von rund 20 Handballern vor der Halle versammelt, als ein leises Rasseln eines Schl\u00fcsselbundes und eine sich \u00f6ffnende T\u00fcr die Stille durchbrachen. Offenbar ist wohl ein Missgeschick in der Kommunikation passiert, was zur Folge hatte, dass die Lichter ausgeschalten und die T\u00fcren verschlossen wurden. Zum Gl\u00fcck ist unser Hausmeister ein sehr netter und flexibel noch dazu.<\/p>\n\n\n\n<p>20:30 Uhr Anpfiff. Man k\u00f6nnte fast schon meinen, es geh\u00f6rt zu einer bestimmten Taktik der SG, sich in den ersten paar Minuten, ja in der gesamten ersten Halbzeit, nicht vom Gegner zu l\u00f6sen. Die erste Halbzeit war zum M\u00e4use melken. B\u00e4lle verschenkt und teils schlampig \u00fcbers, am Tor vorbei oder sogar dem Torwart auf die F\u00fc\u00dfe geworfen. Wieder einmal war es einer unserer Torh\u00fcter, welcher der SG den R\u00fccken deckte. Sein Name: Noah Cremer (12). Unter anderem Dank ihm konnten unsere M\u00e4nner mit einer 13:9 F\u00fchrung in die Halbzeit gehen, zu schwach f\u00fcr Ulm&amp;Wiblingen Verh\u00e4ltnisse.<\/p>\n\n\n\n<p>Und auch in der zweiten Halbzeit machte er \u00fcberragend weiter. Aufgrund dieses &nbsp;guten Zusammenspiels auf dem Feld konnten die Ulm&amp;Wiblinger bereits nach Anpfiff der zweiten Halbzeit tortechnisch davonrennen. Aucg wenn das Rennen eher metaphorisch gemeint ist. Hierbei stach vor allem Marcel Bart (69) mit 12 Toren zum Abpfiff heraus. Endstand 37:24.<\/p>\n\n\n\n<p>Vielen Dank an den TV Gerhausen, welcher trotz Strapazen mitverantwortlich war, dass dieses Spiel f\u00fcr alle Hallenbesucher ein sehenswertes Spiel wurde. Au\u00dferdem bedanken wir uns beim Schiedsrichter, welcher sich dazu bereiterkl\u00e4rte, an einem Samstag um 20:30 Uhr ein Spiel zu pfeifen. Und allgemein Danke das ALLE, welche einen nervenaufreibenden Sport wie Handball hobbym\u00e4\u00dfig pfeifen und daf\u00fcr vielleicht auch mal andere Freizeitaktivit\u00e4ten stornieren.<\/p>\n\n\n\n<p>Au\u00dferdem w\u00fcrden wir uns freuen, wenn alle Fans und Sportbegeisterten am Samstag den 05.02. um 20:30 Uhr beim Heimspiel in der Tannenplatzhalle (8093) gegen den SC Lehr dabei sind.<\/p>\n\n\n\n<figure class=\"wp-block-image size-large\"><img loading=\"lazy\" decoding=\"async\" width=\"1024\" height=\"683\" src=\"https:\/\/www.handball-ulm.de\/wp-content\/uploads\/2022\/02\/6H0A5666-1024x683.jpg\" alt=\"\" class=\"wp-image-8536\" srcset=\"https:\/\/www.handball-ulm.de\/wp-content\/uploads\/2022\/02\/6H0A5666-1024x683.jpg 1024w, https:\/\/www.handball-ulm.de\/wp-content\/uploads\/2022\/02\/6H0A5666-300x200.jpg 300w, https:\/\/www.handball-ulm.de\/wp-content\/uploads\/2022\/02\/6H0A5666-768x512.jpg 768w, https:\/\/www.handball-ulm.de\/wp-content\/uploads\/2022\/02\/6H0A5666-600x400.jpg 600w, https:\/\/www.handball-ulm.de\/wp-content\/uploads\/2022\/02\/6H0A5666-1536x1024.jpg 1536w, https:\/\/www.handball-ulm.de\/wp-content\/uploads\/2022\/02\/6H0A5666-1170x780.jpg 1170w, https:\/\/www.handball-ulm.de\/wp-content\/uploads\/2022\/02\/6H0A5666.jpg 1800w\" sizes=\"(max-width: 1024px) 100vw, 1024px\" \/><\/figure>\n","protected":false},"excerpt":{"rendered":"<p>Die erste Halbzeit war zum M\u00e4use melken.<\/p>\n<br\/><br\/><a class=\"read-more\" href=\"https:\/\/www.handball-ulm.de\/?p=8534\"> Mehr lesen...<\/a>","protected":false},"author":10,"featured_media":8536,"comment_status":"closed","ping_status":"closed","sticky":false,"template":"","format":"standard","meta":{"ngg_post_thumbnail":0,"footnotes":""},"categories":[72,11,8,63],"tags":[],"_links":{"self":[{"href":"https:\/\/www.handball-ulm.de\/index.php?rest_route=\/wp\/v2\/posts\/8534"}],"collection":[{"href":"https:\/\/www.handball-ulm.de\/index.php?rest_route=\/wp\/v2\/posts"}],"about":[{"href":"https:\/\/www.handball-ulm.de\/index.php?rest_route=\/wp\/v2\/types\/post"}],"author":[{"embeddable":true,"href":"https:\/\/www.handball-ulm.de\/index.php?rest_route=\/wp\/v2\/users\/10"}],"replies":[{"embeddable":true,"href":"https:\/\/www.handball-ulm.de\/index.php?rest_route=%2Fwp%2Fv2%2Fcomments&post=8534"}],"version-history":[{"count":3,"href":"https:\/\/www.handball-ulm.de\/index.php?rest_route=\/wp\/v2\/posts\/8534\/revisions"}],"predecessor-version":[{"id":8541,"href":"https:\/\/www.handball-ulm.de\/index.php?rest_route=\/wp\/v2\/posts\/8534\/revisions\/8541"}],"wp:featuredmedia":[{"embeddable":true,"href":"https:\/\/www.handball-ulm.de\/index.php?rest_route=\/wp\/v2\/media\/8536"}],"wp:attachment":[{"href":"https:\/\/www.handball-ulm.de\/index.php?rest_route=%2Fwp%2Fv2%2Fmedia&parent=8534"}],"wp:term":[{"taxonomy":"category","embeddable":true,"href":"https:\/\/www.handball-ulm.de\/index.php?rest_route=%2Fwp%2Fv2%2Fcategories&post=8534"},{"taxonomy":"post_tag","embeddable":true,"href":"https:\/\/www.handball-ulm.de\/index.php?rest_route=%2Fwp%2Fv2%2Ftags&post=8534"}],"curies":[{"name":"wp","href":"https:\/\/api.w.org\/{rel}","templated":true}]}}