{"id":84,"date":"2018-05-20T11:24:10","date_gmt":"2018-05-20T09:24:10","guid":{"rendered":"https:\/\/sgulm.tcremer.de\/?p=84"},"modified":"2021-03-13T22:34:28","modified_gmt":"2021-03-13T21:34:28","slug":"testbeitrag-maenner-1","status":"publish","type":"post","link":"https:\/\/www.handball-ulm.de\/?p=84","title":{"rendered":"M\u00e4nner 1: Saison Bericht 2018\/19"},"content":{"rendered":"<p>Nachdem die Erste der SG Ulm\/Wiblingen die vergangene Saison erneut (5. mal in Folge) im unbedeutenden Mittelfeld der Bezirksliga Bodensee\/Donau abgeschlossen hat und eine Weiterentwicklung der Mannschaft nicht in Sicht war, musste der Vorstand neue Impulse setzen. Wenige Wochen nach Saisonende konnte Andreas Bodschwinna, ein ehemalige Spieler der SG, als neuer Trainer verpflichtet werden, mit dem klaren Ziel n\u00e4chste Saison Platz 4 oder besser zu erreichen und mittelfristig den Aufstieg in die Landesliga zu erreichen. Neben der Trainerposition, konnte der Spielerkader sogar auf mehreren Positionen erweitert werden, sowohl durch Neuzug\u00e4nge, als auch aus der eigenen Jugend.<\/p>\n<p>Auf der R\u00fcckraumposition ist mit Dennis Freyer ein verbandsligaerfahrener und abwehrstarker Spieler zur SG gesto\u00dfen. Der 28-j\u00e4hrige hat zuvor seine Schuhe f\u00fcr den VTV Mundenheim geschn\u00fcrt und ist nun aus beruflichen Gr\u00fcnden hier an die Donau gekommen. Mit Lukas B\u00fchner konnte ein junger und talentierter Torwart, der zuvor in der A-Jugend-Bundesliga f\u00fcr den TSV Wolfschlugen auflief, gewonnen werden. Aus der eigenen Nachwuchsschiede kommt mit Marcel Bart ebenfalls ein talentierter Jugendspieler in die Erste und wird im Kampf um die Einsatzzeiten wohl ein ordentliches W\u00f6rtchen mitreden. Alles in allem ist der Kader so breit besetzt wie nie und somit steht einer erfolgreichen Saison nur noch das Gl\u00fcck und der eigene Einsatz im Wege.<\/p>\n<p>Die seit Mitte Juni laufende Vorbereitung wurde mit einem insgesamt 20-k\u00f6pfigen Kader begonnen, um die Konkurrenzsituation auf allen Positionen neu zu beleben. Schwerpunkte der Vorbereitung sind neben der Kondition auch die individuelle Positionsschulung und das Tempospiel, was Coach Bodschwinna im Videostudium der vergangenen Saison als Hauptschw\u00e4che seiner neuen Mannschaft ausmachte. Der Gro\u00dfteil der Testspiele wird gegen Landesligisten wie S\u00f6flingen, V\u00f6hringen, Allach, Niederraunau oder Lauterstein gespielt, um die neu formierte Mannschaft von Beginn an zu fordern und von den besseren Mannschaften lernen zu lassen.<\/p>\n<p>Mit attraktivem Handball und einem erstklassigen Teamspirit will die Mannschaft kommende Saison die Zuschauer in der ber\u00fchmt ber\u00fcchtigten Tannenplatzhalle mit vielen Punkten und einem Tabellenplatz im oberen Drittel f\u00fcr ihre zahlreiche Unterst\u00fctzung belohnen.<\/p>\n<p>Wir sehen uns Mitte September am Tannenplatz mit dem Auftaktkracher gegen die HSG Langenau\/Elchingen, das Team das Coach Bodschwinna bis letzte Saison betreute.<\/p>\n<p>Eure Erste<\/p>\n","protected":false},"excerpt":{"rendered":"<p>Nachdem die Erste der SG Ulm\/Wiblingen die vergangene Saison erneut (5. mal in Folge) im unbedeutenden Mittelfeld der Bezirksliga Bodensee\/Donau abgeschlossen hat und eine Weiterentwicklung der Mannschaft nicht in Sicht war, musste der Vorstand neue Impulse setzen. Wenige Wochen nach Saisonende konnte Andreas Bodschwinna, ein ehemalige Spieler der SG, als neuer Trainer verpflichtet werden, mit [&hellip;]<\/p>\n<br\/><br\/><a class=\"read-more\" href=\"https:\/\/www.handball-ulm.de\/?p=84\"> Mehr lesen...<\/a>","protected":false},"author":1,"featured_media":0,"comment_status":"closed","ping_status":"open","sticky":false,"template":"","format":"standard","meta":{"ngg_post_thumbnail":0,"footnotes":""},"categories":[11],"tags":[],"_links":{"self":[{"href":"https:\/\/www.handball-ulm.de\/index.php?rest_route=\/wp\/v2\/posts\/84"}],"collection":[{"href":"https:\/\/www.handball-ulm.de\/index.php?rest_route=\/wp\/v2\/posts"}],"about":[{"href":"https:\/\/www.handball-ulm.de\/index.php?rest_route=\/wp\/v2\/types\/post"}],"author":[{"embeddable":true,"href":"https:\/\/www.handball-ulm.de\/index.php?rest_route=\/wp\/v2\/users\/1"}],"replies":[{"embeddable":true,"href":"https:\/\/www.handball-ulm.de\/index.php?rest_route=%2Fwp%2Fv2%2Fcomments&post=84"}],"version-history":[{"count":4,"href":"https:\/\/www.handball-ulm.de\/index.php?rest_route=\/wp\/v2\/posts\/84\/revisions"}],"predecessor-version":[{"id":5440,"href":"https:\/\/www.handball-ulm.de\/index.php?rest_route=\/wp\/v2\/posts\/84\/revisions\/5440"}],"wp:attachment":[{"href":"https:\/\/www.handball-ulm.de\/index.php?rest_route=%2Fwp%2Fv2%2Fmedia&parent=84"}],"wp:term":[{"taxonomy":"category","embeddable":true,"href":"https:\/\/www.handball-ulm.de\/index.php?rest_route=%2Fwp%2Fv2%2Fcategories&post=84"},{"taxonomy":"post_tag","embeddable":true,"href":"https:\/\/www.handball-ulm.de\/index.php?rest_route=%2Fwp%2Fv2%2Ftags&post=84"}],"curies":[{"name":"wp","href":"https:\/\/api.w.org\/{rel}","templated":true}]}}