{"id":7922,"date":"2021-12-04T15:52:00","date_gmt":"2021-12-04T14:52:00","guid":{"rendered":"https:\/\/www.handball-ulm.de\/?p=7922"},"modified":"2021-12-10T16:06:37","modified_gmt":"2021-12-10T15:06:37","slug":"minis-wiblingen-am-start","status":"publish","type":"post","link":"https:\/\/www.handball-ulm.de\/?p=7922","title":{"rendered":"Minis Wiblingen am Start"},"content":{"rendered":"\n<figure class=\"wp-block-image size-large\"><img loading=\"lazy\" decoding=\"async\" width=\"1024\" height=\"512\" src=\"https:\/\/www.handball-ulm.de\/wp-content\/uploads\/2021\/12\/20211204_130528-1024x512.jpg\" alt=\"\" class=\"wp-image-7923\" srcset=\"https:\/\/www.handball-ulm.de\/wp-content\/uploads\/2021\/12\/20211204_130528-1024x512.jpg 1024w, https:\/\/www.handball-ulm.de\/wp-content\/uploads\/2021\/12\/20211204_130528-300x150.jpg 300w, https:\/\/www.handball-ulm.de\/wp-content\/uploads\/2021\/12\/20211204_130528-768x384.jpg 768w, https:\/\/www.handball-ulm.de\/wp-content\/uploads\/2021\/12\/20211204_130528-1536x767.jpg 1536w, https:\/\/www.handball-ulm.de\/wp-content\/uploads\/2021\/12\/20211204_130528-2048x1023.jpg 2048w, https:\/\/www.handball-ulm.de\/wp-content\/uploads\/2021\/12\/20211204_130528-1170x585.jpg 1170w\" sizes=\"(max-width: 1024px) 100vw, 1024px\" \/><\/figure>\n\n\n\n<p>Trotz der aktuellen Umst\u00e4nde und unter 2G+ Bedingungen konnten wir unseren Minispieltag zum Gl\u00fcck noch durchf\u00fchren.<\/p>\n\n\n\n<p>Nach der Begr\u00fc\u00dfung unserer G\u00e4ste aus Blaustein und den Minis Wiblingen starteten wir mit einem gemeinsamen Aufw\u00e4rmfango.<\/p>\n\n\n\n<p>Anschlie\u00dfend spielten die beiden Mannschaften Mattenball. Einige hatten dabei mit den teilweise noch schwierigen Handballregeln wie \u201enur drei 3 Schritte mit Ball\u201c und \u00e4hnlichem so ihre Probleme.<\/p>\n\n\n\n<p>Gleichzeitig mussten die Kleinen nat\u00fcrlich auch immer mal wieder den Eltern, Gro\u00dfeltern, Tanten, Onkels \u2026 auf der B\u00fchne zuwinken.<\/p>\n\n\n\n<p>Nach dieser Aufgabe durften unsere M\u00e4dels und Jungs im Urwaldparcours an Lianen schwingen, wellenreiche Fl\u00fcsse \u00fcberqueren und Tigerfallen \u00fcberwinden. Anschlie\u00dfend f\u00fchrten unsere Minis einen Ball \u00fcber B\u00e4nke, im Slalom um H\u00fctchen, warfen den Ball in einen Basketballkorb und nach koordinativen Spr\u00fcngen durch mehrere Ringe konnten sie durch einen Wurf ins Tor punkten.&nbsp;<\/p>\n\n\n\n<p>Nach einer kleinen Pause (Danke an alle Eltern f\u00fcr die gebackenen Kuchen!) mussten unsere Minis ihr \u201eZimmer\u201c aufr\u00e4umen. Zuerst im Duell mit unseren G\u00e4sten, danach noch mit gro\u00dfen Einsatz gegen die Trainerteams.<\/p>\n\n\n\n<p>Nach einer Staffel mit Bankziehen und Purzelbaum, wurden alle Kinder unter tosendem Applaus der zahlreichen Zuschauer mit einer Medaille belohnt!<\/p>\n\n\n\n<figure class=\"wp-block-gallery columns-1 is-cropped wp-block-gallery-1 is-layout-flex wp-block-gallery-is-layout-flex\"><ul class=\"blocks-gallery-grid\"><li class=\"blocks-gallery-item\"><figure><img loading=\"lazy\" decoding=\"async\" width=\"1024\" height=\"329\" src=\"https:\/\/www.handball-ulm.de\/wp-content\/uploads\/2021\/12\/20211204_142448-1024x329.jpg\" alt=\"\" data-id=\"7924\" data-full-url=\"https:\/\/www.handball-ulm.de\/wp-content\/uploads\/2021\/12\/20211204_142448-scaled.jpg\" data-link=\"https:\/\/www.handball-ulm.de\/?attachment_id=7924\" class=\"wp-image-7924\" srcset=\"https:\/\/www.handball-ulm.de\/wp-content\/uploads\/2021\/12\/20211204_142448-1024x329.jpg 1024w, https:\/\/www.handball-ulm.de\/wp-content\/uploads\/2021\/12\/20211204_142448-300x96.jpg 300w, https:\/\/www.handball-ulm.de\/wp-content\/uploads\/2021\/12\/20211204_142448-768x247.jpg 768w, https:\/\/www.handball-ulm.de\/wp-content\/uploads\/2021\/12\/20211204_142448-1536x494.jpg 1536w, https:\/\/www.handball-ulm.de\/wp-content\/uploads\/2021\/12\/20211204_142448-2048x658.jpg 2048w, https:\/\/www.handball-ulm.de\/wp-content\/uploads\/2021\/12\/20211204_142448-1170x376.jpg 1170w\" sizes=\"(max-width: 1024px) 100vw, 1024px\" \/><\/figure><\/li><li class=\"blocks-gallery-item\"><figure><img loading=\"lazy\" decoding=\"async\" width=\"1024\" height=\"618\" src=\"https:\/\/www.handball-ulm.de\/wp-content\/uploads\/2021\/12\/20211204_143034-1024x618.jpg\" alt=\"\" data-id=\"7925\" data-full-url=\"https:\/\/www.handball-ulm.de\/wp-content\/uploads\/2021\/12\/20211204_143034-scaled.jpg\" data-link=\"https:\/\/www.handball-ulm.de\/?attachment_id=7925\" class=\"wp-image-7925\" srcset=\"https:\/\/www.handball-ulm.de\/wp-content\/uploads\/2021\/12\/20211204_143034-1024x618.jpg 1024w, https:\/\/www.handball-ulm.de\/wp-content\/uploads\/2021\/12\/20211204_143034-300x181.jpg 300w, https:\/\/www.handball-ulm.de\/wp-content\/uploads\/2021\/12\/20211204_143034-768x464.jpg 768w, https:\/\/www.handball-ulm.de\/wp-content\/uploads\/2021\/12\/20211204_143034-1536x928.jpg 1536w, https:\/\/www.handball-ulm.de\/wp-content\/uploads\/2021\/12\/20211204_143034-2048x1237.jpg 2048w, https:\/\/www.handball-ulm.de\/wp-content\/uploads\/2021\/12\/20211204_143034-1170x707.jpg 1170w\" sizes=\"(max-width: 1024px) 100vw, 1024px\" \/><\/figure><\/li><li class=\"blocks-gallery-item\"><figure><img loading=\"lazy\" decoding=\"async\" width=\"1024\" height=\"956\" src=\"https:\/\/www.handball-ulm.de\/wp-content\/uploads\/2021\/12\/20211204_132825-1024x956.jpg\" alt=\"\" data-id=\"7926\" data-full-url=\"https:\/\/www.handball-ulm.de\/wp-content\/uploads\/2021\/12\/20211204_132825-scaled.jpg\" data-link=\"https:\/\/www.handball-ulm.de\/?attachment_id=7926\" class=\"wp-image-7926\" srcset=\"https:\/\/www.handball-ulm.de\/wp-content\/uploads\/2021\/12\/20211204_132825-1024x956.jpg 1024w, https:\/\/www.handball-ulm.de\/wp-content\/uploads\/2021\/12\/20211204_132825-300x280.jpg 300w, https:\/\/www.handball-ulm.de\/wp-content\/uploads\/2021\/12\/20211204_132825-768x717.jpg 768w, https:\/\/www.handball-ulm.de\/wp-content\/uploads\/2021\/12\/20211204_132825-1536x1434.jpg 1536w, https:\/\/www.handball-ulm.de\/wp-content\/uploads\/2021\/12\/20211204_132825-2048x1912.jpg 2048w, https:\/\/www.handball-ulm.de\/wp-content\/uploads\/2021\/12\/20211204_132825-1170x1092.jpg 1170w\" sizes=\"(max-width: 1024px) 100vw, 1024px\" \/><\/figure><\/li><li class=\"blocks-gallery-item\"><figure><img loading=\"lazy\" decoding=\"async\" width=\"795\" height=\"1024\" src=\"https:\/\/www.handball-ulm.de\/wp-content\/uploads\/2021\/12\/20211204_134017-795x1024.jpg\" alt=\"\" data-id=\"7927\" data-full-url=\"https:\/\/www.handball-ulm.de\/wp-content\/uploads\/2021\/12\/20211204_134017-scaled.jpg\" data-link=\"https:\/\/www.handball-ulm.de\/?attachment_id=7927\" class=\"wp-image-7927\" srcset=\"https:\/\/www.handball-ulm.de\/wp-content\/uploads\/2021\/12\/20211204_134017-795x1024.jpg 795w, https:\/\/www.handball-ulm.de\/wp-content\/uploads\/2021\/12\/20211204_134017-233x300.jpg 233w, https:\/\/www.handball-ulm.de\/wp-content\/uploads\/2021\/12\/20211204_134017-768x989.jpg 768w, https:\/\/www.handball-ulm.de\/wp-content\/uploads\/2021\/12\/20211204_134017-1192x1536.jpg 1192w, https:\/\/www.handball-ulm.de\/wp-content\/uploads\/2021\/12\/20211204_134017-1590x2048.jpg 1590w, https:\/\/www.handball-ulm.de\/wp-content\/uploads\/2021\/12\/20211204_134017-1170x1507.jpg 1170w, https:\/\/www.handball-ulm.de\/wp-content\/uploads\/2021\/12\/20211204_134017-scaled.jpg 1987w\" sizes=\"(max-width: 795px) 100vw, 795px\" \/><\/figure><\/li><li class=\"blocks-gallery-item\"><figure><img loading=\"lazy\" decoding=\"async\" width=\"1024\" height=\"528\" src=\"https:\/\/www.handball-ulm.de\/wp-content\/uploads\/2021\/12\/20211204_141216-1024x528.jpg\" alt=\"\" data-id=\"7928\" data-full-url=\"https:\/\/www.handball-ulm.de\/wp-content\/uploads\/2021\/12\/20211204_141216.jpg\" data-link=\"https:\/\/www.handball-ulm.de\/?attachment_id=7928\" class=\"wp-image-7928\" srcset=\"https:\/\/www.handball-ulm.de\/wp-content\/uploads\/2021\/12\/20211204_141216-1024x528.jpg 1024w, https:\/\/www.handball-ulm.de\/wp-content\/uploads\/2021\/12\/20211204_141216-300x155.jpg 300w, https:\/\/www.handball-ulm.de\/wp-content\/uploads\/2021\/12\/20211204_141216-768x396.jpg 768w, https:\/\/www.handball-ulm.de\/wp-content\/uploads\/2021\/12\/20211204_141216-1536x792.jpg 1536w, https:\/\/www.handball-ulm.de\/wp-content\/uploads\/2021\/12\/20211204_141216-2048x1056.jpg 2048w, https:\/\/www.handball-ulm.de\/wp-content\/uploads\/2021\/12\/20211204_141216-1170x603.jpg 1170w\" sizes=\"(max-width: 1024px) 100vw, 1024px\" \/><\/figure><\/li><\/ul><\/figure>\n","protected":false},"excerpt":{"rendered":"<p>Minis Wiblingen und Blaustein haben wunderbaren Spieltag<\/p>\n<br\/><br\/><a class=\"read-more\" href=\"https:\/\/www.handball-ulm.de\/?p=7922\"> Mehr lesen...<\/a>","protected":false},"author":10,"featured_media":7929,"comment_status":"closed","ping_status":"closed","sticky":false,"template":"","format":"standard","meta":{"ngg_post_thumbnail":0,"footnotes":""},"categories":[72,30,8,63],"tags":[],"_links":{"self":[{"href":"https:\/\/www.handball-ulm.de\/index.php?rest_route=\/wp\/v2\/posts\/7922"}],"collection":[{"href":"https:\/\/www.handball-ulm.de\/index.php?rest_route=\/wp\/v2\/posts"}],"about":[{"href":"https:\/\/www.handball-ulm.de\/index.php?rest_route=\/wp\/v2\/types\/post"}],"author":[{"embeddable":true,"href":"https:\/\/www.handball-ulm.de\/index.php?rest_route=\/wp\/v2\/users\/10"}],"replies":[{"embeddable":true,"href":"https:\/\/www.handball-ulm.de\/index.php?rest_route=%2Fwp%2Fv2%2Fcomments&post=7922"}],"version-history":[{"count":2,"href":"https:\/\/www.handball-ulm.de\/index.php?rest_route=\/wp\/v2\/posts\/7922\/revisions"}],"predecessor-version":[{"id":7931,"href":"https:\/\/www.handball-ulm.de\/index.php?rest_route=\/wp\/v2\/posts\/7922\/revisions\/7931"}],"wp:featuredmedia":[{"embeddable":true,"href":"https:\/\/www.handball-ulm.de\/index.php?rest_route=\/wp\/v2\/media\/7929"}],"wp:attachment":[{"href":"https:\/\/www.handball-ulm.de\/index.php?rest_route=%2Fwp%2Fv2%2Fmedia&parent=7922"}],"wp:term":[{"taxonomy":"category","embeddable":true,"href":"https:\/\/www.handball-ulm.de\/index.php?rest_route=%2Fwp%2Fv2%2Fcategories&post=7922"},{"taxonomy":"post_tag","embeddable":true,"href":"https:\/\/www.handball-ulm.de\/index.php?rest_route=%2Fwp%2Fv2%2Ftags&post=7922"}],"curies":[{"name":"wp","href":"https:\/\/api.w.org\/{rel}","templated":true}]}}