{"id":7625,"date":"2021-11-21T12:19:00","date_gmt":"2021-11-21T11:19:00","guid":{"rendered":"https:\/\/www.handball-ulm.de\/?p=7625"},"modified":"2021-11-22T16:42:35","modified_gmt":"2021-11-22T15:42:35","slug":"e-jugend-ulm-gegen-die-rot-weiss-laupheim","status":"publish","type":"post","link":"https:\/\/www.handball-ulm.de\/?p=7625","title":{"rendered":"E Jugend Ulm gegen die Rot-Wei\u00df Laupheim"},"content":{"rendered":"\n<p><\/p>\n\n\n\n<p>Am Samstag, dem 20.11.2021 trafen sich die Spielerinnen und Spieler der gemischten E-Jugend Ulm, um ihr Spiel gegen den Gegner aus Laupheim anzutreten. Noch vor Spielbeginn starteten wir mit einer \u00dcbung, welche normalerweise an Spieltagen absolviert werden. Alle Spielerinnen und Spieler schnitten mit positiven Ergebnissen ab. Noch kurz abgebaut und schon konnte das gro\u00dfe Spiel starten. Leider waren die Gegner klar \u00fcberlegen und die erste Halbzeit sah ganz und gar nicht gut aus. Daf\u00fcr wurde jedes Tor nur umso mehr gefeiert und beklatscht.<\/p>\n\n\n\n<p>Mit einem klaren R\u00fcckstand von 5:20 ging es in die Halbzeitpause. Es war klar, dass ein solch starker Gegner wohl kaum mehr zu schlagen ist, daher musste die Ansage der Trainer nur umso klarer sein. Zielsetzung f\u00fcr die zweite Halbzeit \u2013 nicht aufgeben. Und genau diese Zielsetzung wurde verfolgt und umgesetzt. Darauf sind wir alle stolz, Trainer wie Zuschauer. In der zweiten Halbzeit hat bis zum Schluss jeder das Beste aus sich rausgeholt.<\/p>\n\n\n\n<p>Gro\u00dfes Lob an die F-Jugend Spieler, welche sich trotz des hohen Altersunterschiedes nicht haben unterkriegen lassen. Au\u00dferdem m\u00f6chten wir uns bei den Zuschauern bedanken, welche so zahlreich erschienen sind und nat\u00fcrlich bei Luisa Frank aus der weiblichen C-Jugend, welche die Arbeit als Schiedsrichterin souver\u00e4n gemeistert hat.<\/p>\n\n\n\n<figure class=\"wp-block-image size-large\"><img loading=\"lazy\" decoding=\"async\" width=\"507\" height=\"334\" src=\"https:\/\/www.handball-ulm.de\/wp-content\/uploads\/2021\/11\/Screenshot-298.png\" alt=\"\" class=\"wp-image-7626\" srcset=\"https:\/\/www.handball-ulm.de\/wp-content\/uploads\/2021\/11\/Screenshot-298.png 507w, https:\/\/www.handball-ulm.de\/wp-content\/uploads\/2021\/11\/Screenshot-298-300x198.png 300w\" sizes=\"(max-width: 507px) 100vw, 507px\" \/><\/figure>\n","protected":false},"excerpt":{"rendered":"<p>Gro\u00dfer Kampf in der E-Jugend<\/p>\n<br\/><br\/><a class=\"read-more\" href=\"https:\/\/www.handball-ulm.de\/?p=7625\"> Mehr lesen...<\/a>","protected":false},"author":10,"featured_media":7628,"comment_status":"closed","ping_status":"closed","sticky":false,"template":"","format":"standard","meta":{"ngg_post_thumbnail":0,"footnotes":""},"categories":[72,25,63],"tags":[],"_links":{"self":[{"href":"https:\/\/www.handball-ulm.de\/index.php?rest_route=\/wp\/v2\/posts\/7625"}],"collection":[{"href":"https:\/\/www.handball-ulm.de\/index.php?rest_route=\/wp\/v2\/posts"}],"about":[{"href":"https:\/\/www.handball-ulm.de\/index.php?rest_route=\/wp\/v2\/types\/post"}],"author":[{"embeddable":true,"href":"https:\/\/www.handball-ulm.de\/index.php?rest_route=\/wp\/v2\/users\/10"}],"replies":[{"embeddable":true,"href":"https:\/\/www.handball-ulm.de\/index.php?rest_route=%2Fwp%2Fv2%2Fcomments&post=7625"}],"version-history":[{"count":1,"href":"https:\/\/www.handball-ulm.de\/index.php?rest_route=\/wp\/v2\/posts\/7625\/revisions"}],"predecessor-version":[{"id":7627,"href":"https:\/\/www.handball-ulm.de\/index.php?rest_route=\/wp\/v2\/posts\/7625\/revisions\/7627"}],"wp:featuredmedia":[{"embeddable":true,"href":"https:\/\/www.handball-ulm.de\/index.php?rest_route=\/wp\/v2\/media\/7628"}],"wp:attachment":[{"href":"https:\/\/www.handball-ulm.de\/index.php?rest_route=%2Fwp%2Fv2%2Fmedia&parent=7625"}],"wp:term":[{"taxonomy":"category","embeddable":true,"href":"https:\/\/www.handball-ulm.de\/index.php?rest_route=%2Fwp%2Fv2%2Fcategories&post=7625"},{"taxonomy":"post_tag","embeddable":true,"href":"https:\/\/www.handball-ulm.de\/index.php?rest_route=%2Fwp%2Fv2%2Ftags&post=7625"}],"curies":[{"name":"wp","href":"https:\/\/api.w.org\/{rel}","templated":true}]}}