{"id":7621,"date":"2021-11-20T15:15:00","date_gmt":"2021-11-20T14:15:00","guid":{"rendered":"https:\/\/www.handball-ulm.de\/?p=7621"},"modified":"2021-11-22T16:45:00","modified_gmt":"2021-11-22T15:45:00","slug":"sieg-der-weiblichen-c2-in-langenau","status":"publish","type":"post","link":"https:\/\/www.handball-ulm.de\/?p=7621","title":{"rendered":"Sieg der weiblichen C2 in Langenau"},"content":{"rendered":"\n<p>Das Spiel der wC2 begann schon chaotisch. es fehlten n\u00e4mlich die Trikots. Jedoch war das kein gro\u00dfes Problem, nach 20 Minuten waren die Trikots da. Das Spiel konnte starten. Am Anfang zeigten die M\u00e4dchen der SG Ulm &amp; Wiblingen nicht ihr volles Potential. Dies verleitete die Gegnerinnen dazu,  \u00fcberheblich zu werden. Nach denn ersten 12 Minuten nahm Langenau eine Auszeit, denn die Ulmer M\u00e4dchen legten los und holten auf. Nach der Halbzeit lag Ulm mit drei Toren vorn. Alle k\u00e4mpften und befolgten die Anweisungen des Trainers. Die Abwehr war wunderbar laut und sprach sich sehr gut ab. Eine kleine Konzentrationsl\u00fccke der Ulmer M\u00e4dchen sorgte daf\u00fcr, dass Langenau aufschlie\u00dfen konnte.  aber dann wieder Vollgas durchgezogen. Ab Minute 40 war es ein sehr spannendes Kopf-an-Kopf-Rennen. Dank der Fehler des Gegners und einer super Abwehr hielten wir unsere F\u00fchrung und holten uns den Sieg hart und verdient erk\u00e4mpft. Insgesamt eine wunderbare Mannschaftsleistung, denn jede Spielerin konnte einnetzen.<br>Der Ulmer Trainer war zurecht sehr stolz auf seine Mannschaft.<\/p>\n\n\n\n<figure class=\"wp-block-image size-large\"><img loading=\"lazy\" decoding=\"async\" width=\"491\" height=\"426\" src=\"https:\/\/www.handball-ulm.de\/wp-content\/uploads\/2021\/11\/Screenshot-297.png\" alt=\"\" class=\"wp-image-7623\" srcset=\"https:\/\/www.handball-ulm.de\/wp-content\/uploads\/2021\/11\/Screenshot-297.png 491w, https:\/\/www.handball-ulm.de\/wp-content\/uploads\/2021\/11\/Screenshot-297-300x260.png 300w\" sizes=\"(max-width: 491px) 100vw, 491px\" \/><\/figure>\n","protected":false},"excerpt":{"rendered":"<p>Knapper und hart umk\u00e4mpfter Sieg<\/p>\n<br\/><br\/><a class=\"read-more\" href=\"https:\/\/www.handball-ulm.de\/?p=7621\"> Mehr lesen...<\/a>","protected":false},"author":10,"featured_media":7629,"comment_status":"closed","ping_status":"closed","sticky":false,"template":"","format":"standard","meta":{"ngg_post_thumbnail":0,"footnotes":""},"categories":[72,63,75],"tags":[],"_links":{"self":[{"href":"https:\/\/www.handball-ulm.de\/index.php?rest_route=\/wp\/v2\/posts\/7621"}],"collection":[{"href":"https:\/\/www.handball-ulm.de\/index.php?rest_route=\/wp\/v2\/posts"}],"about":[{"href":"https:\/\/www.handball-ulm.de\/index.php?rest_route=\/wp\/v2\/types\/post"}],"author":[{"embeddable":true,"href":"https:\/\/www.handball-ulm.de\/index.php?rest_route=\/wp\/v2\/users\/10"}],"replies":[{"embeddable":true,"href":"https:\/\/www.handball-ulm.de\/index.php?rest_route=%2Fwp%2Fv2%2Fcomments&post=7621"}],"version-history":[{"count":1,"href":"https:\/\/www.handball-ulm.de\/index.php?rest_route=\/wp\/v2\/posts\/7621\/revisions"}],"predecessor-version":[{"id":7624,"href":"https:\/\/www.handball-ulm.de\/index.php?rest_route=\/wp\/v2\/posts\/7621\/revisions\/7624"}],"wp:featuredmedia":[{"embeddable":true,"href":"https:\/\/www.handball-ulm.de\/index.php?rest_route=\/wp\/v2\/media\/7629"}],"wp:attachment":[{"href":"https:\/\/www.handball-ulm.de\/index.php?rest_route=%2Fwp%2Fv2%2Fmedia&parent=7621"}],"wp:term":[{"taxonomy":"category","embeddable":true,"href":"https:\/\/www.handball-ulm.de\/index.php?rest_route=%2Fwp%2Fv2%2Fcategories&post=7621"},{"taxonomy":"post_tag","embeddable":true,"href":"https:\/\/www.handball-ulm.de\/index.php?rest_route=%2Fwp%2Fv2%2Ftags&post=7621"}],"curies":[{"name":"wp","href":"https:\/\/api.w.org\/{rel}","templated":true}]}}