{"id":7011,"date":"2021-10-03T21:48:38","date_gmt":"2021-10-03T19:48:38","guid":{"rendered":"https:\/\/www.handball-ulm.de\/?p=7011"},"modified":"2021-10-06T17:40:15","modified_gmt":"2021-10-06T15:40:15","slug":"trainerwechsel-im-frauenbereich","status":"publish","type":"post","link":"https:\/\/www.handball-ulm.de\/?p=7011","title":{"rendered":"Trainerwechsel im Frauenbereich"},"content":{"rendered":"\n<figure class=\"wp-block-image size-large\"><img loading=\"lazy\" decoding=\"async\" width=\"938\" height=\"680\" src=\"https:\/\/www.handball-ulm.de\/wp-content\/uploads\/2021\/10\/WhatsApp-Image-2021-10-03-at-19.07.57.jpeg\" alt=\"\" class=\"wp-image-7012\" srcset=\"https:\/\/www.handball-ulm.de\/wp-content\/uploads\/2021\/10\/WhatsApp-Image-2021-10-03-at-19.07.57.jpeg 938w, https:\/\/www.handball-ulm.de\/wp-content\/uploads\/2021\/10\/WhatsApp-Image-2021-10-03-at-19.07.57-300x217.jpeg 300w, https:\/\/www.handball-ulm.de\/wp-content\/uploads\/2021\/10\/WhatsApp-Image-2021-10-03-at-19.07.57-768x557.jpeg 768w\" sizes=\"(max-width: 938px) 100vw, 938px\" \/><\/figure>\n\n\n\n<p>Ein leiser Trainerwechsel im Frauenbereich der SG Ulm &amp; Wiblingen. Nachdem sich die SG und Frauen 1 Trainer Philipp Gyaja f\u00fcr getrennte Wege entscheiden, \u00fcbernimmt Mathias Kicherer kommissarisch beide Frauenmannschaften. Sein Ziel: kein Spiel soll ausfallen und viele Spiele gewonnen werden. Der Vorstand dankt Philipp f\u00fcr seine Zeit und sucht mit Hochdruck nach einem Trainer f\u00fcr die 2. Damenmannschaft, um die Saison gut zu Ende f\u00fchren zu k\u00f6nnen. Besonderer Dank geht nat\u00fcrlich an Mathias, der die Situation komplikationslos \u00fcbernimmt.<\/p>\n","protected":false},"excerpt":{"rendered":"<p>Trainerwechsel im Frauenbereich<\/p>\n<br\/><br\/><a class=\"read-more\" href=\"https:\/\/www.handball-ulm.de\/?p=7011\"> Mehr lesen...<\/a>","protected":false},"author":10,"featured_media":7013,"comment_status":"closed","ping_status":"closed","sticky":false,"template":"","format":"standard","meta":{"ngg_post_thumbnail":0,"footnotes":""},"categories":[72,13,14,8,63],"tags":[],"_links":{"self":[{"href":"https:\/\/www.handball-ulm.de\/index.php?rest_route=\/wp\/v2\/posts\/7011"}],"collection":[{"href":"https:\/\/www.handball-ulm.de\/index.php?rest_route=\/wp\/v2\/posts"}],"about":[{"href":"https:\/\/www.handball-ulm.de\/index.php?rest_route=\/wp\/v2\/types\/post"}],"author":[{"embeddable":true,"href":"https:\/\/www.handball-ulm.de\/index.php?rest_route=\/wp\/v2\/users\/10"}],"replies":[{"embeddable":true,"href":"https:\/\/www.handball-ulm.de\/index.php?rest_route=%2Fwp%2Fv2%2Fcomments&post=7011"}],"version-history":[{"count":2,"href":"https:\/\/www.handball-ulm.de\/index.php?rest_route=\/wp\/v2\/posts\/7011\/revisions"}],"predecessor-version":[{"id":7020,"href":"https:\/\/www.handball-ulm.de\/index.php?rest_route=\/wp\/v2\/posts\/7011\/revisions\/7020"}],"wp:featuredmedia":[{"embeddable":true,"href":"https:\/\/www.handball-ulm.de\/index.php?rest_route=\/wp\/v2\/media\/7013"}],"wp:attachment":[{"href":"https:\/\/www.handball-ulm.de\/index.php?rest_route=%2Fwp%2Fv2%2Fmedia&parent=7011"}],"wp:term":[{"taxonomy":"category","embeddable":true,"href":"https:\/\/www.handball-ulm.de\/index.php?rest_route=%2Fwp%2Fv2%2Fcategories&post=7011"},{"taxonomy":"post_tag","embeddable":true,"href":"https:\/\/www.handball-ulm.de\/index.php?rest_route=%2Fwp%2Fv2%2Ftags&post=7011"}],"curies":[{"name":"wp","href":"https:\/\/api.w.org\/{rel}","templated":true}]}}