{"id":6362,"date":"2021-09-06T20:14:08","date_gmt":"2021-09-06T18:14:08","guid":{"rendered":"https:\/\/www.handball-ulm.de\/?p=6362"},"modified":"2021-09-06T20:26:51","modified_gmt":"2021-09-06T18:26:51","slug":"sommercamp-2021","status":"publish","type":"post","link":"https:\/\/www.handball-ulm.de\/?p=6362","title":{"rendered":"Sommercamp 2021 &#8211; E Jugend"},"content":{"rendered":"\n<p>Es begann um 8:45 Uhr &#8211; die E-Jugendlichen f\u00fcllten die Halle, nachden sie ihr wunderbares Campshirt und ihren neuen Ball bekommen haben.<\/p>\n\n\n\n<figure class=\"wp-block-image size-large\"><img loading=\"lazy\" decoding=\"async\" width=\"1024\" height=\"700\" src=\"https:\/\/www.handball-ulm.de\/wp-content\/uploads\/2021\/09\/IMG_8465-1024x700.jpg\" alt=\"\" class=\"wp-image-6364\" srcset=\"https:\/\/www.handball-ulm.de\/wp-content\/uploads\/2021\/09\/IMG_8465-1024x700.jpg 1024w, https:\/\/www.handball-ulm.de\/wp-content\/uploads\/2021\/09\/IMG_8465-300x205.jpg 300w, https:\/\/www.handball-ulm.de\/wp-content\/uploads\/2021\/09\/IMG_8465-768x525.jpg 768w, https:\/\/www.handball-ulm.de\/wp-content\/uploads\/2021\/09\/IMG_8465-1536x1050.jpg 1536w, https:\/\/www.handball-ulm.de\/wp-content\/uploads\/2021\/09\/IMG_8465-2048x1400.jpg 2048w, https:\/\/www.handball-ulm.de\/wp-content\/uploads\/2021\/09\/IMG_8465-1170x800.jpg 1170w\" sizes=\"(max-width: 1024px) 100vw, 1024px\" \/><\/figure>\n\n\n\n<p>20 Kinder und 4 Trainer voller Vorfreude. Johannes begeisterte als erstes koordinativ die Kinder. Danach sorgte Flo daf\u00fcr, dass die KIndern sich fangenderweise durch die Halle trieben. Pauli folgte im Anschluss mit &#8222;langweiligen&#8220; Wurf\u00fcbungen. Da in der Gruppe jeodch relativ viele Anf\u00e4nger sind, war das Korrigieren der W\u00fcrfe sicher nicht die schlechteste Idee.  Dinah leitet das B\u00e4lleklauen an. Dieses Spiel sorgte f\u00fcr viel Begesisterung. Nun folgten Handballspiele und Torw\u00fcrfe und zum Abschluss schnelle L\u00e4ufe mit den Ziel, noch ein paar Mal das gro\u00dfe Tor zu treffen. Dinah hatte die unleidliche Aufgabe, die Shirts noch mal zu erhitzen, da die Folie nicht so gut hielt. Alle Kinder waren am Ende zufrieden und die Trainer auch. 11:45 Uhr ist der erste Camptag f\u00fcr die Kleinen schon vorbei.<\/p>\n\n\n\n<figure class=\"wp-block-gallery columns-1 is-cropped wp-block-gallery-1 is-layout-flex wp-block-gallery-is-layout-flex\"><ul class=\"blocks-gallery-grid\"><li class=\"blocks-gallery-item\"><figure><img loading=\"lazy\" decoding=\"async\" width=\"1024\" height=\"942\" src=\"https:\/\/www.handball-ulm.de\/wp-content\/uploads\/2021\/09\/IMG_8464-1024x942.jpg\" alt=\"\" data-id=\"6365\" data-full-url=\"https:\/\/www.handball-ulm.de\/wp-content\/uploads\/2021\/09\/IMG_8464.jpg\" data-link=\"https:\/\/www.handball-ulm.de\/?attachment_id=6365\" class=\"wp-image-6365\" srcset=\"https:\/\/www.handball-ulm.de\/wp-content\/uploads\/2021\/09\/IMG_8464-1024x942.jpg 1024w, https:\/\/www.handball-ulm.de\/wp-content\/uploads\/2021\/09\/IMG_8464-300x276.jpg 300w, https:\/\/www.handball-ulm.de\/wp-content\/uploads\/2021\/09\/IMG_8464-768x706.jpg 768w, https:\/\/www.handball-ulm.de\/wp-content\/uploads\/2021\/09\/IMG_8464-1170x1076.jpg 1170w, https:\/\/www.handball-ulm.de\/wp-content\/uploads\/2021\/09\/IMG_8464.jpg 1498w\" sizes=\"(max-width: 1024px) 100vw, 1024px\" \/><\/figure><\/li><li class=\"blocks-gallery-item\"><figure><img loading=\"lazy\" decoding=\"async\" width=\"1024\" height=\"785\" src=\"https:\/\/www.handball-ulm.de\/wp-content\/uploads\/2021\/09\/IMG_8470-1024x785.jpg\" alt=\"\" data-id=\"6366\" data-full-url=\"https:\/\/www.handball-ulm.de\/wp-content\/uploads\/2021\/09\/IMG_8470.jpg\" data-link=\"https:\/\/www.handball-ulm.de\/?attachment_id=6366\" class=\"wp-image-6366\" srcset=\"https:\/\/www.handball-ulm.de\/wp-content\/uploads\/2021\/09\/IMG_8470-1024x785.jpg 1024w, https:\/\/www.handball-ulm.de\/wp-content\/uploads\/2021\/09\/IMG_8470-300x230.jpg 300w, https:\/\/www.handball-ulm.de\/wp-content\/uploads\/2021\/09\/IMG_8470-768x589.jpg 768w, https:\/\/www.handball-ulm.de\/wp-content\/uploads\/2021\/09\/IMG_8470-1536x1177.jpg 1536w, https:\/\/www.handball-ulm.de\/wp-content\/uploads\/2021\/09\/IMG_8470-1170x897.jpg 1170w, https:\/\/www.handball-ulm.de\/wp-content\/uploads\/2021\/09\/IMG_8470.jpg 1786w\" sizes=\"(max-width: 1024px) 100vw, 1024px\" \/><\/figure><\/li><li class=\"blocks-gallery-item\"><figure><img loading=\"lazy\" decoding=\"async\" width=\"700\" height=\"1024\" src=\"https:\/\/www.handball-ulm.de\/wp-content\/uploads\/2021\/09\/IMG_8471-700x1024.jpg\" alt=\"\" data-id=\"6367\" data-full-url=\"https:\/\/www.handball-ulm.de\/wp-content\/uploads\/2021\/09\/IMG_8471.jpg\" data-link=\"https:\/\/www.handball-ulm.de\/?attachment_id=6367\" class=\"wp-image-6367\" srcset=\"https:\/\/www.handball-ulm.de\/wp-content\/uploads\/2021\/09\/IMG_8471-700x1024.jpg 700w, https:\/\/www.handball-ulm.de\/wp-content\/uploads\/2021\/09\/IMG_8471-205x300.jpg 205w, https:\/\/www.handball-ulm.de\/wp-content\/uploads\/2021\/09\/IMG_8471-768x1124.jpg 768w, https:\/\/www.handball-ulm.de\/wp-content\/uploads\/2021\/09\/IMG_8471-1049x1536.jpg 1049w, https:\/\/www.handball-ulm.de\/wp-content\/uploads\/2021\/09\/IMG_8471.jpg 1160w\" sizes=\"(max-width: 700px) 100vw, 700px\" \/><\/figure><\/li><li class=\"blocks-gallery-item\"><figure><img loading=\"lazy\" decoding=\"async\" width=\"963\" height=\"1024\" src=\"https:\/\/www.handball-ulm.de\/wp-content\/uploads\/2021\/09\/IMG_8472-963x1024.jpg\" alt=\"\" data-id=\"6368\" data-full-url=\"https:\/\/www.handball-ulm.de\/wp-content\/uploads\/2021\/09\/IMG_8472.jpg\" data-link=\"https:\/\/www.handball-ulm.de\/?attachment_id=6368\" class=\"wp-image-6368\" srcset=\"https:\/\/www.handball-ulm.de\/wp-content\/uploads\/2021\/09\/IMG_8472-963x1024.jpg 963w, https:\/\/www.handball-ulm.de\/wp-content\/uploads\/2021\/09\/IMG_8472-282x300.jpg 282w, https:\/\/www.handball-ulm.de\/wp-content\/uploads\/2021\/09\/IMG_8472-768x816.jpg 768w, https:\/\/www.handball-ulm.de\/wp-content\/uploads\/2021\/09\/IMG_8472.jpg 982w\" sizes=\"(max-width: 963px) 100vw, 963px\" \/><\/figure><\/li><li class=\"blocks-gallery-item\"><figure><img loading=\"lazy\" decoding=\"async\" width=\"1024\" height=\"575\" src=\"https:\/\/www.handball-ulm.de\/wp-content\/uploads\/2021\/09\/IMG_8479-1024x575.jpg\" alt=\"\" data-id=\"6369\" data-full-url=\"https:\/\/www.handball-ulm.de\/wp-content\/uploads\/2021\/09\/IMG_8479.jpg\" data-link=\"https:\/\/www.handball-ulm.de\/?attachment_id=6369\" class=\"wp-image-6369\" srcset=\"https:\/\/www.handball-ulm.de\/wp-content\/uploads\/2021\/09\/IMG_8479-1024x575.jpg 1024w, https:\/\/www.handball-ulm.de\/wp-content\/uploads\/2021\/09\/IMG_8479-300x168.jpg 300w, https:\/\/www.handball-ulm.de\/wp-content\/uploads\/2021\/09\/IMG_8479-768x431.jpg 768w, https:\/\/www.handball-ulm.de\/wp-content\/uploads\/2021\/09\/IMG_8479.jpg 1149w\" sizes=\"(max-width: 1024px) 100vw, 1024px\" \/><\/figure><\/li><li class=\"blocks-gallery-item\"><figure><img loading=\"lazy\" decoding=\"async\" width=\"1024\" height=\"655\" src=\"https:\/\/www.handball-ulm.de\/wp-content\/uploads\/2021\/09\/IMG_8456-1024x655.jpg\" alt=\"\" data-id=\"6370\" data-full-url=\"https:\/\/www.handball-ulm.de\/wp-content\/uploads\/2021\/09\/IMG_8456.jpg\" data-link=\"https:\/\/www.handball-ulm.de\/?attachment_id=6370\" class=\"wp-image-6370\" srcset=\"https:\/\/www.handball-ulm.de\/wp-content\/uploads\/2021\/09\/IMG_8456-1024x655.jpg 1024w, https:\/\/www.handball-ulm.de\/wp-content\/uploads\/2021\/09\/IMG_8456-300x192.jpg 300w, https:\/\/www.handball-ulm.de\/wp-content\/uploads\/2021\/09\/IMG_8456-768x491.jpg 768w, https:\/\/www.handball-ulm.de\/wp-content\/uploads\/2021\/09\/IMG_8456-1536x982.jpg 1536w, https:\/\/www.handball-ulm.de\/wp-content\/uploads\/2021\/09\/IMG_8456-1170x748.jpg 1170w, https:\/\/www.handball-ulm.de\/wp-content\/uploads\/2021\/09\/IMG_8456.jpg 1678w\" sizes=\"(max-width: 1024px) 100vw, 1024px\" \/><\/figure><\/li><li class=\"blocks-gallery-item\"><figure><img loading=\"lazy\" decoding=\"async\" width=\"1024\" height=\"646\" src=\"https:\/\/www.handball-ulm.de\/wp-content\/uploads\/2021\/09\/IMG_8461-1024x646.jpg\" alt=\"\" data-id=\"6371\" data-full-url=\"https:\/\/www.handball-ulm.de\/wp-content\/uploads\/2021\/09\/IMG_8461.jpg\" data-link=\"https:\/\/www.handball-ulm.de\/?attachment_id=6371\" class=\"wp-image-6371\" srcset=\"https:\/\/www.handball-ulm.de\/wp-content\/uploads\/2021\/09\/IMG_8461-1024x646.jpg 1024w, https:\/\/www.handball-ulm.de\/wp-content\/uploads\/2021\/09\/IMG_8461-300x189.jpg 300w, https:\/\/www.handball-ulm.de\/wp-content\/uploads\/2021\/09\/IMG_8461-768x484.jpg 768w, https:\/\/www.handball-ulm.de\/wp-content\/uploads\/2021\/09\/IMG_8461-1536x969.jpg 1536w, https:\/\/www.handball-ulm.de\/wp-content\/uploads\/2021\/09\/IMG_8461-2048x1292.jpg 2048w, https:\/\/www.handball-ulm.de\/wp-content\/uploads\/2021\/09\/IMG_8461-1170x738.jpg 1170w\" sizes=\"(max-width: 1024px) 100vw, 1024px\" \/><\/figure><\/li><\/ul><\/figure>\n\n\n\n<p><\/p>\n","protected":false},"excerpt":{"rendered":"<p>20 Kinder und 4 Trainer<br \/>\nB\u00e4lle klauen, Tore werfen und nat\u00fcrlich Handball spielen<\/p>\n<br\/><br\/><a class=\"read-more\" href=\"https:\/\/www.handball-ulm.de\/?p=6362\"> Mehr lesen...<\/a>","protected":false},"author":10,"featured_media":6363,"comment_status":"closed","ping_status":"closed","sticky":false,"template":"","format":"standard","meta":{"ngg_post_thumbnail":0,"footnotes":""},"categories":[72,79,8,63],"tags":[],"_links":{"self":[{"href":"https:\/\/www.handball-ulm.de\/index.php?rest_route=\/wp\/v2\/posts\/6362"}],"collection":[{"href":"https:\/\/www.handball-ulm.de\/index.php?rest_route=\/wp\/v2\/posts"}],"about":[{"href":"https:\/\/www.handball-ulm.de\/index.php?rest_route=\/wp\/v2\/types\/post"}],"author":[{"embeddable":true,"href":"https:\/\/www.handball-ulm.de\/index.php?rest_route=\/wp\/v2\/users\/10"}],"replies":[{"embeddable":true,"href":"https:\/\/www.handball-ulm.de\/index.php?rest_route=%2Fwp%2Fv2%2Fcomments&post=6362"}],"version-history":[{"count":3,"href":"https:\/\/www.handball-ulm.de\/index.php?rest_route=\/wp\/v2\/posts\/6362\/revisions"}],"predecessor-version":[{"id":6378,"href":"https:\/\/www.handball-ulm.de\/index.php?rest_route=\/wp\/v2\/posts\/6362\/revisions\/6378"}],"wp:featuredmedia":[{"embeddable":true,"href":"https:\/\/www.handball-ulm.de\/index.php?rest_route=\/wp\/v2\/media\/6363"}],"wp:attachment":[{"href":"https:\/\/www.handball-ulm.de\/index.php?rest_route=%2Fwp%2Fv2%2Fmedia&parent=6362"}],"wp:term":[{"taxonomy":"category","embeddable":true,"href":"https:\/\/www.handball-ulm.de\/index.php?rest_route=%2Fwp%2Fv2%2Fcategories&post=6362"},{"taxonomy":"post_tag","embeddable":true,"href":"https:\/\/www.handball-ulm.de\/index.php?rest_route=%2Fwp%2Fv2%2Ftags&post=6362"}],"curies":[{"name":"wp","href":"https:\/\/api.w.org\/{rel}","templated":true}]}}