{"id":6337,"date":"2021-09-01T00:42:33","date_gmt":"2021-08-31T22:42:33","guid":{"rendered":"https:\/\/www.handball-ulm.de\/?p=6337"},"modified":"2021-09-01T00:42:35","modified_gmt":"2021-08-31T22:42:35","slug":"weststadt-mini-minis-saison-bericht-2021-22","status":"publish","type":"post","link":"https:\/\/www.handball-ulm.de\/?p=6337","title":{"rendered":"Weststadt Mini Minis: Saison Bericht 2021\/22"},"content":{"rendered":"<p>Wir sind eine Ballspielgruppe und bieten den \u201ekleinen Kindern\u201c die Gelegenheit, schon mal Handballluft zu schnuppern.<\/p>\n<p>Wir fangen mit unseren Mini Minis ab 3 Jahren an. Da machen wir weniger \u201eHandball\u201c als vielmehr als ganzheitliche Bewegungen, Turnstationen oder Laufspiele. Wir nehmen den kleinen verschiedensten B\u00e4llen (Fu\u00dfb\u00e4lle, Medizinb\u00e4lle, Tennisb\u00e4lle), um ihnen erst einmal ein Gef\u00fchl f\u00fcr den Ball zu vermitteln.<\/p>\n<p>Wichtig ist uns dabei, Spa\u00df an der Bewegung und Spa\u00df miteinander zu haben.<\/p>\n<p>Die Trainer und Kinder freuen sich schon auf die n\u00e4chste Saison.<\/p>\n","protected":false},"excerpt":{"rendered":"<p>Wir sind eine Ballspielgruppe und bieten den \u201ekleinen Kindern\u201c die Gelegenheit, schon mal Handballluft zu schnuppern. Wir fangen mit unseren Mini Minis ab 3 Jahren an. Da machen wir weniger \u201eHandball\u201c als vielmehr als ganzheitliche Bewegungen, Turnstationen oder Laufspiele. Wir nehmen den kleinen verschiedensten B\u00e4llen (Fu\u00dfb\u00e4lle, Medizinb\u00e4lle, Tennisb\u00e4lle), um ihnen erst einmal ein Gef\u00fchl f\u00fcr [&hellip;]<\/p>\n<br\/><br\/><a class=\"read-more\" href=\"https:\/\/www.handball-ulm.de\/?p=6337\"> Mehr lesen...<\/a>","protected":false},"author":1,"featured_media":0,"comment_status":"closed","ping_status":"closed","sticky":false,"template":"","format":"standard","meta":{"ngg_post_thumbnail":0,"footnotes":""},"categories":[31],"tags":[],"_links":{"self":[{"href":"https:\/\/www.handball-ulm.de\/index.php?rest_route=\/wp\/v2\/posts\/6337"}],"collection":[{"href":"https:\/\/www.handball-ulm.de\/index.php?rest_route=\/wp\/v2\/posts"}],"about":[{"href":"https:\/\/www.handball-ulm.de\/index.php?rest_route=\/wp\/v2\/types\/post"}],"author":[{"embeddable":true,"href":"https:\/\/www.handball-ulm.de\/index.php?rest_route=\/wp\/v2\/users\/1"}],"replies":[{"embeddable":true,"href":"https:\/\/www.handball-ulm.de\/index.php?rest_route=%2Fwp%2Fv2%2Fcomments&post=6337"}],"version-history":[{"count":1,"href":"https:\/\/www.handball-ulm.de\/index.php?rest_route=\/wp\/v2\/posts\/6337\/revisions"}],"predecessor-version":[{"id":6338,"href":"https:\/\/www.handball-ulm.de\/index.php?rest_route=\/wp\/v2\/posts\/6337\/revisions\/6338"}],"wp:attachment":[{"href":"https:\/\/www.handball-ulm.de\/index.php?rest_route=%2Fwp%2Fv2%2Fmedia&parent=6337"}],"wp:term":[{"taxonomy":"category","embeddable":true,"href":"https:\/\/www.handball-ulm.de\/index.php?rest_route=%2Fwp%2Fv2%2Fcategories&post=6337"},{"taxonomy":"post_tag","embeddable":true,"href":"https:\/\/www.handball-ulm.de\/index.php?rest_route=%2Fwp%2Fv2%2Ftags&post=6337"}],"curies":[{"name":"wp","href":"https:\/\/api.w.org\/{rel}","templated":true}]}}