{"id":6320,"date":"2021-09-01T00:18:25","date_gmt":"2021-08-31T22:18:25","guid":{"rendered":"https:\/\/www.handball-ulm.de\/?p=6320"},"modified":"2021-09-01T00:50:50","modified_gmt":"2021-08-31T22:50:50","slug":"minis-ulm-weststadt-saison-bericht-2021-2","status":"publish","type":"post","link":"https:\/\/www.handball-ulm.de\/?p=6320","title":{"rendered":"Weststadt Minis: Saison Bericht 2021\/22"},"content":{"rendered":"<p>In die Saison 2021\/2022 starten wir jetzt mit einer gro\u00dfen Mini-Mannschaft Ulm West, nachdem sehr viele unserer Kinder aus dem Alter der Ballspielgruppe der Miniminis&nbsp; Ulm herausgewachsen sind und nach der sehr langen Pause immer noch ihr Interesse zum Handballsport behalten haben. Unsere 5- bis 6j\u00e4hrigen Kinder bringen bereits viele handballerische F\u00e4higkeiten mit, so dass unser Training jetzt u.a. in dem Zusammenspiel bei Aufsetzerball, K\u00f6nigsball, Mattenball und Handball liegt. Wir freuen uns bereits auf die laufende Saison.<\/p>\n\n\n<p><\/p>\n","protected":false},"excerpt":{"rendered":"<p>In die Saison 2021\/2022 starten wir jetzt mit einer gro\u00dfen Mini-Mannschaft Ulm West, nachdem sehr viele unserer Kinder aus dem Alter der Ballspielgruppe der Miniminis&nbsp; Ulm herausgewachsen sind und nach der sehr langen Pause immer noch ihr Interesse zum Handballsport behalten haben. Unsere 5- bis 6j\u00e4hrigen Kinder bringen bereits viele handballerische F\u00e4higkeiten mit, so dass [&hellip;]<\/p>\n<br\/><br\/><a class=\"read-more\" href=\"https:\/\/www.handball-ulm.de\/?p=6320\"> Mehr lesen...<\/a>","protected":false},"author":1,"featured_media":0,"comment_status":"closed","ping_status":"closed","sticky":false,"template":"","format":"standard","meta":{"ngg_post_thumbnail":0,"footnotes":""},"categories":[29],"tags":[],"_links":{"self":[{"href":"https:\/\/www.handball-ulm.de\/index.php?rest_route=\/wp\/v2\/posts\/6320"}],"collection":[{"href":"https:\/\/www.handball-ulm.de\/index.php?rest_route=\/wp\/v2\/posts"}],"about":[{"href":"https:\/\/www.handball-ulm.de\/index.php?rest_route=\/wp\/v2\/types\/post"}],"author":[{"embeddable":true,"href":"https:\/\/www.handball-ulm.de\/index.php?rest_route=\/wp\/v2\/users\/1"}],"replies":[{"embeddable":true,"href":"https:\/\/www.handball-ulm.de\/index.php?rest_route=%2Fwp%2Fv2%2Fcomments&post=6320"}],"version-history":[{"count":3,"href":"https:\/\/www.handball-ulm.de\/index.php?rest_route=\/wp\/v2\/posts\/6320\/revisions"}],"predecessor-version":[{"id":6344,"href":"https:\/\/www.handball-ulm.de\/index.php?rest_route=\/wp\/v2\/posts\/6320\/revisions\/6344"}],"wp:attachment":[{"href":"https:\/\/www.handball-ulm.de\/index.php?rest_route=%2Fwp%2Fv2%2Fmedia&parent=6320"}],"wp:term":[{"taxonomy":"category","embeddable":true,"href":"https:\/\/www.handball-ulm.de\/index.php?rest_route=%2Fwp%2Fv2%2Fcategories&post=6320"},{"taxonomy":"post_tag","embeddable":true,"href":"https:\/\/www.handball-ulm.de\/index.php?rest_route=%2Fwp%2Fv2%2Ftags&post=6320"}],"curies":[{"name":"wp","href":"https:\/\/api.w.org\/{rel}","templated":true}]}}