{"id":6313,"date":"2021-09-01T00:06:11","date_gmt":"2021-08-31T22:06:11","guid":{"rendered":"https:\/\/www.handball-ulm.de\/?p=6313"},"modified":"2021-09-01T00:06:13","modified_gmt":"2021-08-31T22:06:13","slug":"gemischt-f-wiblingen-saison-bericht-2021-22","status":"publish","type":"post","link":"https:\/\/www.handball-ulm.de\/?p=6313","title":{"rendered":"Gemischt F Wiblingen: Saison Bericht 2021\/22"},"content":{"rendered":"<p class=\"western\" lang=\"de-DE\">Wir sind sehr froh, dass wir wieder Handball trainieren und spielen k\u00f6nnen.<\/p>\n<p class=\"western\" lang=\"de-DE\">Die letzte Saison wurde ja leider abrupt unterbrochen und beendet kurz vor unserem ersten Spieltag. Aber nun k\u00f6nnen wir mit voller Kraft durchstarten.<\/p>\n<p class=\"western\" lang=\"de-DE\">In der neuen Saison k\u00f6nnen wir dann unsere Fortschritte in Erfolge umwandeln und unser K\u00f6nnen unter Beweis stellen, um die Eltern, Familien und Zuschauer zu begeistern.<\/p>\n<p class=\"western\" lang=\"de-DE\">Wir Trainer (Susie, Jonathan und Sophia) wollen mit viel Spa\u00df und Spielen motivieren, koordinativ schulen und den Kindern die Freude an Handball n\u00e4herbringen. Wir freuen uns jederzeit \u00fcber Verst\u00e4rkung unserer Mannschaft.<\/p>\n<p class=\"western\" lang=\"de-DE\">Hast Du Lust unsere Mannschaft zu verst\u00e4rken? Dann besuche uns doch am Dienstag von 17:00 \u2013 18:30 in der Tannenplatzhalle oder melde Dich unter <a href=\"mailto:gfwiblingen@sgulm.de\">gfwiblingen@sgulm.de<\/a><\/p>\n","protected":false},"excerpt":{"rendered":"<p>Wir sind sehr froh, dass wir wieder Handball trainieren und spielen k\u00f6nnen. Die letzte Saison wurde ja leider abrupt unterbrochen und beendet kurz vor unserem ersten Spieltag. Aber nun k\u00f6nnen wir mit voller Kraft durchstarten. In der neuen Saison k\u00f6nnen wir dann unsere Fortschritte in Erfolge umwandeln und unser K\u00f6nnen unter Beweis stellen, um die [&hellip;]<\/p>\n<br\/><br\/><a class=\"read-more\" href=\"https:\/\/www.handball-ulm.de\/?p=6313\"> Mehr lesen...<\/a>","protected":false},"author":1,"featured_media":0,"comment_status":"closed","ping_status":"closed","sticky":false,"template":"","format":"standard","meta":{"ngg_post_thumbnail":0,"footnotes":""},"categories":[28],"tags":[],"_links":{"self":[{"href":"https:\/\/www.handball-ulm.de\/index.php?rest_route=\/wp\/v2\/posts\/6313"}],"collection":[{"href":"https:\/\/www.handball-ulm.de\/index.php?rest_route=\/wp\/v2\/posts"}],"about":[{"href":"https:\/\/www.handball-ulm.de\/index.php?rest_route=\/wp\/v2\/types\/post"}],"author":[{"embeddable":true,"href":"https:\/\/www.handball-ulm.de\/index.php?rest_route=\/wp\/v2\/users\/1"}],"replies":[{"embeddable":true,"href":"https:\/\/www.handball-ulm.de\/index.php?rest_route=%2Fwp%2Fv2%2Fcomments&post=6313"}],"version-history":[{"count":1,"href":"https:\/\/www.handball-ulm.de\/index.php?rest_route=\/wp\/v2\/posts\/6313\/revisions"}],"predecessor-version":[{"id":6315,"href":"https:\/\/www.handball-ulm.de\/index.php?rest_route=\/wp\/v2\/posts\/6313\/revisions\/6315"}],"wp:attachment":[{"href":"https:\/\/www.handball-ulm.de\/index.php?rest_route=%2Fwp%2Fv2%2Fmedia&parent=6313"}],"wp:term":[{"taxonomy":"category","embeddable":true,"href":"https:\/\/www.handball-ulm.de\/index.php?rest_route=%2Fwp%2Fv2%2Fcategories&post=6313"},{"taxonomy":"post_tag","embeddable":true,"href":"https:\/\/www.handball-ulm.de\/index.php?rest_route=%2Fwp%2Fv2%2Ftags&post=6313"}],"curies":[{"name":"wp","href":"https:\/\/api.w.org\/{rel}","templated":true}]}}