{"id":629,"date":"2019-02-04T22:34:23","date_gmt":"2019-02-04T21:34:23","guid":{"rendered":"https:\/\/sgulm.tcremer.de\/?p=629"},"modified":"2020-09-22T22:27:54","modified_gmt":"2020-09-22T20:27:54","slug":"minis-wiblingen-saison-bericht-2018-19","status":"publish","type":"post","link":"https:\/\/www.handball-ulm.de\/?p=629","title":{"rendered":"Mini Minis: Saison Bericht 2018\/19"},"content":{"rendered":"<p>Wir sind eine Ballspielgruppe und bieten den \u201ekleinen Kindern\u201c die Gelegenheit, schon mal Handballluft zu schnuppern \ud83d\ude0a.<\/p>\n<p>Wir fangen mit unseren Mini Minis ab 3 Jahren an. Da machen wir weniger \u201eHandball\u201c als vielmehr ganzheitliche Bewegung, Turnstationen oder Laufspiele.  Wir nehmen bei den Kleinen verschiedenste B\u00e4lle (Fu\u00dfb\u00e4lle, Basketb\u00e4lle, Tennisb\u00e4lle), um ihnen erst einmal ein Gef\u00fchl f\u00fcr den Ball zu vermitteln.<\/p>\n<p>Wichtig ist uns dabei, Spa\u00df an der Bewegung und Spa\u00df miteinander zu haben.<br \/>\nDie Trainer und Kinder freuen sich schon auf die n\u00e4chste Saison \ud83d\ude09.<\/p>\n","protected":false},"excerpt":{"rendered":"<p>Wir sind eine Ballspielgruppe und bieten den \u201ekleinen Kindern\u201c die Gelegenheit, schon mal Handballluft zu schnuppern \ud83d\ude0a. Wir fangen mit unseren Mini Minis ab 3 Jahren an. Da machen wir weniger \u201eHandball\u201c als vielmehr ganzheitliche Bewegung, Turnstationen oder Laufspiele. Wir nehmen bei den Kleinen verschiedenste B\u00e4lle (Fu\u00dfb\u00e4lle, Basketb\u00e4lle, Tennisb\u00e4lle), um ihnen erst einmal ein Gef\u00fchl [&hellip;]<\/p>\n<br\/><br\/><a class=\"read-more\" href=\"https:\/\/www.handball-ulm.de\/?p=629\"> Mehr lesen...<\/a>","protected":false},"author":1,"featured_media":0,"comment_status":"closed","ping_status":"closed","sticky":false,"template":"","format":"standard","meta":{"ngg_post_thumbnail":0,"footnotes":""},"categories":[31],"tags":[],"_links":{"self":[{"href":"https:\/\/www.handball-ulm.de\/index.php?rest_route=\/wp\/v2\/posts\/629"}],"collection":[{"href":"https:\/\/www.handball-ulm.de\/index.php?rest_route=\/wp\/v2\/posts"}],"about":[{"href":"https:\/\/www.handball-ulm.de\/index.php?rest_route=\/wp\/v2\/types\/post"}],"author":[{"embeddable":true,"href":"https:\/\/www.handball-ulm.de\/index.php?rest_route=\/wp\/v2\/users\/1"}],"replies":[{"embeddable":true,"href":"https:\/\/www.handball-ulm.de\/index.php?rest_route=%2Fwp%2Fv2%2Fcomments&post=629"}],"version-history":[{"count":2,"href":"https:\/\/www.handball-ulm.de\/index.php?rest_route=\/wp\/v2\/posts\/629\/revisions"}],"predecessor-version":[{"id":4577,"href":"https:\/\/www.handball-ulm.de\/index.php?rest_route=\/wp\/v2\/posts\/629\/revisions\/4577"}],"wp:attachment":[{"href":"https:\/\/www.handball-ulm.de\/index.php?rest_route=%2Fwp%2Fv2%2Fmedia&parent=629"}],"wp:term":[{"taxonomy":"category","embeddable":true,"href":"https:\/\/www.handball-ulm.de\/index.php?rest_route=%2Fwp%2Fv2%2Fcategories&post=629"},{"taxonomy":"post_tag","embeddable":true,"href":"https:\/\/www.handball-ulm.de\/index.php?rest_route=%2Fwp%2Fv2%2Ftags&post=629"}],"curies":[{"name":"wp","href":"https:\/\/api.w.org\/{rel}","templated":true}]}}