{"id":6259,"date":"2021-08-29T23:37:13","date_gmt":"2021-08-29T21:37:13","guid":{"rendered":"https:\/\/www.handball-ulm.de\/?p=6259"},"modified":"2021-08-29T23:37:15","modified_gmt":"2021-08-29T21:37:15","slug":"weiblich-c2-saison-bericht-2021-22","status":"publish","type":"post","link":"https:\/\/www.handball-ulm.de\/?p=6259","title":{"rendered":"Weiblich C2: Saison Bericht 2021\/22"},"content":{"rendered":"<p>Unser Ziel als 2. Mannschaft ist, dass unser Team weiter zusammenw\u00e4chst, dass wir noch besser werden, viel lernen und Gegner mit St\u00e4rke besiegen.<br \/>\nJede Spielerin gibt immer ihr Bestes und versucht, regelm\u00e4\u00dfig im Training zu sein.<\/p>\n<p>In der Gemeinschaft unterst\u00fctzen wir uns und helfen uns gegenseitig.<br \/>\nWir bauen uns auf und besiegen schlechte Energie.<\/p>\n<p>Unsere Trainer Andi und Dan sind jung und brutal gutaussehend. Das Training macht richtig viel Spa\u00df.<\/p>\n<p>Wir sind eine lustige Truppe und freuen uns auf viele Spiele.<br \/>\nNeue Spielerinnen sind uns immer willkommen<\/p>\n","protected":false},"excerpt":{"rendered":"<p>Unser Ziel als 2. Mannschaft ist, dass unser Team weiter zusammenw\u00e4chst, dass wir noch besser werden, viel lernen und Gegner mit St\u00e4rke besiegen. Jede Spielerin gibt immer ihr Bestes und versucht, regelm\u00e4\u00dfig im Training zu sein. In der Gemeinschaft unterst\u00fctzen wir uns und helfen uns gegenseitig. Wir bauen uns auf und besiegen schlechte Energie. Unsere [&hellip;]<\/p>\n<br\/><br\/><a class=\"read-more\" href=\"https:\/\/www.handball-ulm.de\/?p=6259\"> Mehr lesen...<\/a>","protected":false},"author":1,"featured_media":0,"comment_status":"closed","ping_status":"closed","sticky":false,"template":"","format":"standard","meta":{"ngg_post_thumbnail":0,"footnotes":""},"categories":[75],"tags":[],"_links":{"self":[{"href":"https:\/\/www.handball-ulm.de\/index.php?rest_route=\/wp\/v2\/posts\/6259"}],"collection":[{"href":"https:\/\/www.handball-ulm.de\/index.php?rest_route=\/wp\/v2\/posts"}],"about":[{"href":"https:\/\/www.handball-ulm.de\/index.php?rest_route=\/wp\/v2\/types\/post"}],"author":[{"embeddable":true,"href":"https:\/\/www.handball-ulm.de\/index.php?rest_route=\/wp\/v2\/users\/1"}],"replies":[{"embeddable":true,"href":"https:\/\/www.handball-ulm.de\/index.php?rest_route=%2Fwp%2Fv2%2Fcomments&post=6259"}],"version-history":[{"count":1,"href":"https:\/\/www.handball-ulm.de\/index.php?rest_route=\/wp\/v2\/posts\/6259\/revisions"}],"predecessor-version":[{"id":6260,"href":"https:\/\/www.handball-ulm.de\/index.php?rest_route=\/wp\/v2\/posts\/6259\/revisions\/6260"}],"wp:attachment":[{"href":"https:\/\/www.handball-ulm.de\/index.php?rest_route=%2Fwp%2Fv2%2Fmedia&parent=6259"}],"wp:term":[{"taxonomy":"category","embeddable":true,"href":"https:\/\/www.handball-ulm.de\/index.php?rest_route=%2Fwp%2Fv2%2Fcategories&post=6259"},{"taxonomy":"post_tag","embeddable":true,"href":"https:\/\/www.handball-ulm.de\/index.php?rest_route=%2Fwp%2Fv2%2Ftags&post=6259"}],"curies":[{"name":"wp","href":"https:\/\/api.w.org\/{rel}","templated":true}]}}