{"id":6246,"date":"2021-08-29T23:17:41","date_gmt":"2021-08-29T21:17:41","guid":{"rendered":"https:\/\/www.handball-ulm.de\/?p=6246"},"modified":"2021-08-29T23:17:44","modified_gmt":"2021-08-29T21:17:44","slug":"maennlich-b-saison-bericht-2021-2022","status":"publish","type":"post","link":"https:\/\/www.handball-ulm.de\/?p=6246","title":{"rendered":"M\u00e4nnlich B: Saison Bericht 2021\/2022"},"content":{"rendered":"<p>Obwohl die Saison durch Corona ungew\u00f6hnlich gestartet ist, konnten wir uns gut einspielen. Die ersten Trainingsspiele wurden mit Bravour gemeistert. Leider hat ein Spieler aufgrund eines Umzugs den Verein gewechselt. Deshalb sind wir sehr dankbar dar\u00fcber, dass uns die C-Jugend aushilft und uns bei den Spielen unterst\u00fctzt. F\u00fcr die n\u00e4chste Saison erhoffen wir uns ein gutes Gelingen der Spiele, keine Verletzten und viele Tore. Wir sind generell zufrieden mit dem Training, da es immer anstrengend ist und Spa\u00df macht. Unser Team versteht sich untereinander sehr gut.<\/p>\n<p>Die B-Jugend<\/p>\n","protected":false},"excerpt":{"rendered":"<p>Obwohl die Saison durch Corona ungew\u00f6hnlich gestartet ist, konnten wir uns gut einspielen. Die ersten Trainingsspiele wurden mit Bravour gemeistert. Leider hat ein Spieler aufgrund eines Umzugs den Verein gewechselt. Deshalb sind wir sehr dankbar dar\u00fcber, dass uns die C-Jugend aushilft und uns bei den Spielen unterst\u00fctzt. F\u00fcr die n\u00e4chste Saison erhoffen wir uns ein [&hellip;]<\/p>\n<br\/><br\/><a class=\"read-more\" href=\"https:\/\/www.handball-ulm.de\/?p=6246\"> Mehr lesen...<\/a>","protected":false},"author":1,"featured_media":0,"comment_status":"closed","ping_status":"closed","sticky":false,"template":"","format":"standard","meta":{"ngg_post_thumbnail":0,"footnotes":""},"categories":[17],"tags":[],"_links":{"self":[{"href":"https:\/\/www.handball-ulm.de\/index.php?rest_route=\/wp\/v2\/posts\/6246"}],"collection":[{"href":"https:\/\/www.handball-ulm.de\/index.php?rest_route=\/wp\/v2\/posts"}],"about":[{"href":"https:\/\/www.handball-ulm.de\/index.php?rest_route=\/wp\/v2\/types\/post"}],"author":[{"embeddable":true,"href":"https:\/\/www.handball-ulm.de\/index.php?rest_route=\/wp\/v2\/users\/1"}],"replies":[{"embeddable":true,"href":"https:\/\/www.handball-ulm.de\/index.php?rest_route=%2Fwp%2Fv2%2Fcomments&post=6246"}],"version-history":[{"count":1,"href":"https:\/\/www.handball-ulm.de\/index.php?rest_route=\/wp\/v2\/posts\/6246\/revisions"}],"predecessor-version":[{"id":6247,"href":"https:\/\/www.handball-ulm.de\/index.php?rest_route=\/wp\/v2\/posts\/6246\/revisions\/6247"}],"wp:attachment":[{"href":"https:\/\/www.handball-ulm.de\/index.php?rest_route=%2Fwp%2Fv2%2Fmedia&parent=6246"}],"wp:term":[{"taxonomy":"category","embeddable":true,"href":"https:\/\/www.handball-ulm.de\/index.php?rest_route=%2Fwp%2Fv2%2Fcategories&post=6246"},{"taxonomy":"post_tag","embeddable":true,"href":"https:\/\/www.handball-ulm.de\/index.php?rest_route=%2Fwp%2Fv2%2Ftags&post=6246"}],"curies":[{"name":"wp","href":"https:\/\/api.w.org\/{rel}","templated":true}]}}