{"id":6221,"date":"2021-08-28T22:59:32","date_gmt":"2021-08-28T20:59:32","guid":{"rendered":"https:\/\/www.handball-ulm.de\/?p=6221"},"modified":"2021-08-28T22:59:33","modified_gmt":"2021-08-28T20:59:33","slug":"maenner-2-saison-bericht-2021-22","status":"publish","type":"post","link":"https:\/\/www.handball-ulm.de\/?p=6221","title":{"rendered":"M\u00e4nner 2: Saison Bericht 2021\/22"},"content":{"rendered":"<p>Nach dem geplanten Abstieg in der Corona-Saison hat sich das Team unserer 2. Herrenmannschaft etwas ver\u00e4ndert. Die alte A Jugend ist nun keine Jugend mehr und wird nahezu vollst\u00e4ndig ins Team, integriert. Die Erfahrungswerte der alten Hasen will Coach Phillip D\u00f6rfler in dieser Saison nicht missen. Au\u00dferdem m\u00f6chte er die aktuelle A-Jugend voll einsetzen, wenn sie nicht f\u00fcr Laupheim im Einsatz sind.<\/p>\n<p>Da in dieser Saison eine Klasse tiefer gespielt wird, kann man auf erfolgreiche Spiele hoffen, vor allem um die Jugend ideal einzubinden.<br \/>\nAuch eine enge Zusammenarbeit mit den Herren 1 wird diese Saison angestrebt, um beide Teams gut zu entwickeln. So ist man im regen Austausch mit dem M\u00e4nner 1, Coach Andreas Schiele, welche Spieler sich positiv entwickeln und eine Chance in der ersten Mannschaft verdienen sollten.<\/p>\n<p>Aus dem breiten Pool an jungen Spielern soll diese Saison gesch\u00f6pft werden, um eine bestm\u00f6gliche Performance hinzulegen.<br \/>\nNat\u00fcrlich freuen sich schon alle spielhungrigen M\u00e4nner auf den Start der Liga, da schon alle viel zu lange in der Corona-Pause waren.<\/p>\n<p>Das TEAM der M\u00e4nner 2<\/p>\n","protected":false},"excerpt":{"rendered":"<p>Nach dem geplanten Abstieg in der Corona-Saison hat sich das Team unserer 2. Herrenmannschaft etwas ver\u00e4ndert. Die alte A Jugend ist nun keine Jugend mehr und wird nahezu vollst\u00e4ndig ins Team, integriert. Die Erfahrungswerte der alten Hasen will Coach Phillip D\u00f6rfler in dieser Saison nicht missen. Au\u00dferdem m\u00f6chte er die aktuelle A-Jugend voll einsetzen, wenn [&hellip;]<\/p>\n<br\/><br\/><a class=\"read-more\" href=\"https:\/\/www.handball-ulm.de\/?p=6221\"> Mehr lesen...<\/a>","protected":false},"author":1,"featured_media":0,"comment_status":"closed","ping_status":"closed","sticky":false,"template":"","format":"standard","meta":{"ngg_post_thumbnail":0,"footnotes":""},"categories":[12],"tags":[],"_links":{"self":[{"href":"https:\/\/www.handball-ulm.de\/index.php?rest_route=\/wp\/v2\/posts\/6221"}],"collection":[{"href":"https:\/\/www.handball-ulm.de\/index.php?rest_route=\/wp\/v2\/posts"}],"about":[{"href":"https:\/\/www.handball-ulm.de\/index.php?rest_route=\/wp\/v2\/types\/post"}],"author":[{"embeddable":true,"href":"https:\/\/www.handball-ulm.de\/index.php?rest_route=\/wp\/v2\/users\/1"}],"replies":[{"embeddable":true,"href":"https:\/\/www.handball-ulm.de\/index.php?rest_route=%2Fwp%2Fv2%2Fcomments&post=6221"}],"version-history":[{"count":1,"href":"https:\/\/www.handball-ulm.de\/index.php?rest_route=\/wp\/v2\/posts\/6221\/revisions"}],"predecessor-version":[{"id":6222,"href":"https:\/\/www.handball-ulm.de\/index.php?rest_route=\/wp\/v2\/posts\/6221\/revisions\/6222"}],"wp:attachment":[{"href":"https:\/\/www.handball-ulm.de\/index.php?rest_route=%2Fwp%2Fv2%2Fmedia&parent=6221"}],"wp:term":[{"taxonomy":"category","embeddable":true,"href":"https:\/\/www.handball-ulm.de\/index.php?rest_route=%2Fwp%2Fv2%2Fcategories&post=6221"},{"taxonomy":"post_tag","embeddable":true,"href":"https:\/\/www.handball-ulm.de\/index.php?rest_route=%2Fwp%2Fv2%2Ftags&post=6221"}],"curies":[{"name":"wp","href":"https:\/\/api.w.org\/{rel}","templated":true}]}}