{"id":6203,"date":"2021-08-28T22:36:50","date_gmt":"2021-08-28T20:36:50","guid":{"rendered":"https:\/\/www.handball-ulm.de\/?p=6203"},"modified":"2021-08-28T22:36:53","modified_gmt":"2021-08-28T20:36:53","slug":"maenner-1-saison-bericht-2021-2022","status":"publish","type":"post","link":"https:\/\/www.handball-ulm.de\/?p=6203","title":{"rendered":"M\u00e4nner 1: Saison Bericht 2021\/2022"},"content":{"rendered":"<p class=\"western\" lang=\"de-DE\"><strong>R\u00fcckblick Saison 2020\/2021<\/strong><\/p>\n<p>Die M\u00e4nner 1 hatten ein Saisonspiel, bis die Saison corona-bedingt abgebrochen wurde. Hoffentlich wird 2021\/2022 alles besser \ud83d\ude42<\/p>\n<p class=\"western\" lang=\"de-DE\"><strong>Ausblick Saison 2021\/2022<\/strong><\/p>\n<p>Mit frischem Wind und neuem Trainer Andreas Schiele begibt sich die 1. Herrenmannschaft in st\u00fcrmischen Zeiten in die Vorbereitung f\u00fcr die Bezirksligasaison 2021\/2022. Bei kaum Abg\u00e4ngen, einigen R\u00fcckkehrern und Verst\u00e4rkungen aus der A-Jugend pr\u00e4sentiert sich das Team um Coach Andi Schiele mit einem breiten sowie vielf\u00e4ltigen Kader, so dass erneut das Ziel Aufstieg ausgerufen wird.<\/p>\n<p>Auch wenn bis zum Saisonbeginn noch einige corona-bedingten Unbekannten gekl\u00e4rt werden m\u00fcssen, ist das Team bereits jetzt hei\u00df auf die neue Runde und freut sich nach dieser langen Pause mehr denn je auf volle Hallen und spannende Handballspiele mit euch.<\/p>\n<p>Das TEAM der Herren 1<\/p>\n","protected":false},"excerpt":{"rendered":"<p>R\u00fcckblick Saison 2020\/2021 Die M\u00e4nner 1 hatten ein Saisonspiel, bis die Saison corona-bedingt abgebrochen wurde. Hoffentlich wird 2021\/2022 alles besser \ud83d\ude42 Ausblick Saison 2021\/2022 Mit frischem Wind und neuem Trainer Andreas Schiele begibt sich die 1. Herrenmannschaft in st\u00fcrmischen Zeiten in die Vorbereitung f\u00fcr die Bezirksligasaison 2021\/2022. Bei kaum Abg\u00e4ngen, einigen R\u00fcckkehrern und Verst\u00e4rkungen aus [&hellip;]<\/p>\n<br\/><br\/><a class=\"read-more\" href=\"https:\/\/www.handball-ulm.de\/?p=6203\"> Mehr lesen...<\/a>","protected":false},"author":1,"featured_media":0,"comment_status":"closed","ping_status":"closed","sticky":false,"template":"","format":"standard","meta":{"ngg_post_thumbnail":0,"footnotes":""},"categories":[11],"tags":[],"_links":{"self":[{"href":"https:\/\/www.handball-ulm.de\/index.php?rest_route=\/wp\/v2\/posts\/6203"}],"collection":[{"href":"https:\/\/www.handball-ulm.de\/index.php?rest_route=\/wp\/v2\/posts"}],"about":[{"href":"https:\/\/www.handball-ulm.de\/index.php?rest_route=\/wp\/v2\/types\/post"}],"author":[{"embeddable":true,"href":"https:\/\/www.handball-ulm.de\/index.php?rest_route=\/wp\/v2\/users\/1"}],"replies":[{"embeddable":true,"href":"https:\/\/www.handball-ulm.de\/index.php?rest_route=%2Fwp%2Fv2%2Fcomments&post=6203"}],"version-history":[{"count":1,"href":"https:\/\/www.handball-ulm.de\/index.php?rest_route=\/wp\/v2\/posts\/6203\/revisions"}],"predecessor-version":[{"id":6205,"href":"https:\/\/www.handball-ulm.de\/index.php?rest_route=\/wp\/v2\/posts\/6203\/revisions\/6205"}],"wp:attachment":[{"href":"https:\/\/www.handball-ulm.de\/index.php?rest_route=%2Fwp%2Fv2%2Fmedia&parent=6203"}],"wp:term":[{"taxonomy":"category","embeddable":true,"href":"https:\/\/www.handball-ulm.de\/index.php?rest_route=%2Fwp%2Fv2%2Fcategories&post=6203"},{"taxonomy":"post_tag","embeddable":true,"href":"https:\/\/www.handball-ulm.de\/index.php?rest_route=%2Fwp%2Fv2%2Ftags&post=6203"}],"curies":[{"name":"wp","href":"https:\/\/api.w.org\/{rel}","templated":true}]}}