{"id":6152,"date":"2021-06-04T19:59:00","date_gmt":"2021-06-04T17:59:00","guid":{"rendered":"https:\/\/www.handball-ulm.de\/?p=6152"},"modified":"2021-08-17T20:11:59","modified_gmt":"2021-08-17T18:11:59","slug":"auf-in-den-garten","status":"publish","type":"post","link":"https:\/\/www.handball-ulm.de\/?p=6152","title":{"rendered":"Auf in den Garten"},"content":{"rendered":"\n<figure class=\"wp-block-image size-large\"><img loading=\"lazy\" decoding=\"async\" width=\"760\" height=\"1024\" src=\"https:\/\/www.handball-ulm.de\/wp-content\/uploads\/2021\/08\/20210618_172323-760x1024.jpg\" alt=\"\" class=\"wp-image-6155\" srcset=\"https:\/\/www.handball-ulm.de\/wp-content\/uploads\/2021\/08\/20210618_172323-760x1024.jpg 760w, https:\/\/www.handball-ulm.de\/wp-content\/uploads\/2021\/08\/20210618_172323-223x300.jpg 223w, https:\/\/www.handball-ulm.de\/wp-content\/uploads\/2021\/08\/20210618_172323-768x1035.jpg 768w, https:\/\/www.handball-ulm.de\/wp-content\/uploads\/2021\/08\/20210618_172323-1139x1536.jpg 1139w, https:\/\/www.handball-ulm.de\/wp-content\/uploads\/2021\/08\/20210618_172323.jpg 1166w\" sizes=\"(max-width: 760px) 100vw, 760px\" \/><\/figure>\n\n\n\n<p>Im Juli war es wieder soweit \u2013 alle Handballer*innen unserer Spielgemeinschaft konnten nach einer langen Durststrecke wieder auf den Au\u00dfensportpl\u00e4tzen mit ihren Mannschaften trainieren. Doch was machen wir mit den 3 bis 6j\u00e4hrigen auf dem Jahnhallenplatz ohne Ger\u00e4te? Kurzerhand haben wir das Training unserer Kleinsten der Weststadtgruppen in den Garten der Trainer verlegt. Bei den Aufw\u00e4rmspielen \u201eWer hat Angst vorm schwarzen Mann\u201c oder \u201eFeuer-Wasser-Baum\u201c und Ballpassen in 2er\/3er Gruppen auf der Rasenfl\u00e4che rund um die Feuerstelle war die Begeisterung unserer Kinder sofort da. Der sonst \u00fcbliche Parcours wurde jetzt durch vorhandenes Gartenequipment mit Aufsetzerball in Popup-Toren, Zielwurf an der Hecke, Zielwurf in die Holzkiste, Kegel abwerfen, Ballrollen auf der Bierbank, Koordinationsleiter u.a. erfolgreich absolviert. Die Kreativit\u00e4t unserer Trainer*innen beim Aufbau der Stationen konnte gar nicht ersch\u00f6pft werden. Vor dem Abschluss gab es Staffell\u00e4ufe im Schatten der gro\u00dfen B\u00e4ume, so dass jedes Kind trotz der sommerlichen Hitze noch gen\u00fcgend Kraft f\u00fcr den schnellen Spurt aufbringen konnte. Zum Abschluss durften dann alle abwechselnd zum H\u00fcpfen auf das gro\u00dfe Trampolin. Richtig ausgepowert und gl\u00fccklich hatten wir zu Hause viel vom ersten Trainingsstart zu erz\u00e4hlen. Apropos erz\u00e4hlen: Sehr aufmerksame Kinder erkl\u00e4rten uns Trainer*innen die Namen der im Garten wachsenden Blumen und Pflanzen. Sogar Kr\u00e4uter wurden richtig beschrieben. Man staune, was die Kleinen so alles drauf haben.<\/p>\n\n\n\n<figure class=\"wp-block-gallery columns-2 is-cropped wp-block-gallery-1 is-layout-flex wp-block-gallery-is-layout-flex\"><ul class=\"blocks-gallery-grid\"><li class=\"blocks-gallery-item\"><figure><img loading=\"lazy\" decoding=\"async\" width=\"1024\" height=\"803\" src=\"https:\/\/www.handball-ulm.de\/wp-content\/uploads\/2021\/08\/20210618_174444-1024x803.jpg\" alt=\"\" data-id=\"6157\" data-full-url=\"https:\/\/www.handball-ulm.de\/wp-content\/uploads\/2021\/08\/20210618_174444-scaled.jpg\" data-link=\"https:\/\/www.handball-ulm.de\/?attachment_id=6157\" class=\"wp-image-6157\" srcset=\"https:\/\/www.handball-ulm.de\/wp-content\/uploads\/2021\/08\/20210618_174444-1024x803.jpg 1024w, https:\/\/www.handball-ulm.de\/wp-content\/uploads\/2021\/08\/20210618_174444-300x235.jpg 300w, https:\/\/www.handball-ulm.de\/wp-content\/uploads\/2021\/08\/20210618_174444-768x602.jpg 768w, https:\/\/www.handball-ulm.de\/wp-content\/uploads\/2021\/08\/20210618_174444-1536x1205.jpg 1536w, https:\/\/www.handball-ulm.de\/wp-content\/uploads\/2021\/08\/20210618_174444-2048x1607.jpg 2048w, https:\/\/www.handball-ulm.de\/wp-content\/uploads\/2021\/08\/20210618_174444-1170x918.jpg 1170w\" sizes=\"(max-width: 1024px) 100vw, 1024px\" \/><\/figure><\/li><li class=\"blocks-gallery-item\"><figure><img loading=\"lazy\" decoding=\"async\" width=\"860\" height=\"1024\" src=\"https:\/\/www.handball-ulm.de\/wp-content\/uploads\/2021\/08\/20210618_163430-860x1024.jpg\" alt=\"\" data-id=\"6158\" data-full-url=\"https:\/\/www.handball-ulm.de\/wp-content\/uploads\/2021\/08\/20210618_163430.jpg\" data-link=\"https:\/\/www.handball-ulm.de\/?attachment_id=6158\" class=\"wp-image-6158\" srcset=\"https:\/\/www.handball-ulm.de\/wp-content\/uploads\/2021\/08\/20210618_163430-860x1024.jpg 860w, https:\/\/www.handball-ulm.de\/wp-content\/uploads\/2021\/08\/20210618_163430-252x300.jpg 252w, https:\/\/www.handball-ulm.de\/wp-content\/uploads\/2021\/08\/20210618_163430-768x915.jpg 768w, https:\/\/www.handball-ulm.de\/wp-content\/uploads\/2021\/08\/20210618_163430-1290x1536.jpg 1290w, https:\/\/www.handball-ulm.de\/wp-content\/uploads\/2021\/08\/20210618_163430-1720x2048.jpg 1720w, https:\/\/www.handball-ulm.de\/wp-content\/uploads\/2021\/08\/20210618_163430-1170x1393.jpg 1170w\" sizes=\"(max-width: 860px) 100vw, 860px\" \/><\/figure><\/li><li class=\"blocks-gallery-item\"><figure><img loading=\"lazy\" decoding=\"async\" width=\"1024\" height=\"768\" src=\"https:\/\/www.handball-ulm.de\/wp-content\/uploads\/2021\/08\/20210618_163652-1024x768.jpg\" alt=\"\" data-id=\"6159\" data-full-url=\"https:\/\/www.handball-ulm.de\/wp-content\/uploads\/2021\/08\/20210618_163652-scaled.jpg\" data-link=\"https:\/\/www.handball-ulm.de\/?attachment_id=6159\" class=\"wp-image-6159\" srcset=\"https:\/\/www.handball-ulm.de\/wp-content\/uploads\/2021\/08\/20210618_163652-1024x768.jpg 1024w, https:\/\/www.handball-ulm.de\/wp-content\/uploads\/2021\/08\/20210618_163652-300x225.jpg 300w, https:\/\/www.handball-ulm.de\/wp-content\/uploads\/2021\/08\/20210618_163652-768x576.jpg 768w, https:\/\/www.handball-ulm.de\/wp-content\/uploads\/2021\/08\/20210618_163652-1536x1152.jpg 1536w, https:\/\/www.handball-ulm.de\/wp-content\/uploads\/2021\/08\/20210618_163652-2048x1536.jpg 2048w, https:\/\/www.handball-ulm.de\/wp-content\/uploads\/2021\/08\/20210618_163652-1170x877.jpg 1170w\" sizes=\"(max-width: 1024px) 100vw, 1024px\" \/><\/figure><\/li><li class=\"blocks-gallery-item\"><figure><img loading=\"lazy\" decoding=\"async\" width=\"1024\" height=\"875\" src=\"https:\/\/www.handball-ulm.de\/wp-content\/uploads\/2021\/08\/20210618_164028-1024x875.jpg\" alt=\"\" data-id=\"6160\" data-full-url=\"https:\/\/www.handball-ulm.de\/wp-content\/uploads\/2021\/08\/20210618_164028-scaled.jpg\" data-link=\"https:\/\/www.handball-ulm.de\/?attachment_id=6160\" class=\"wp-image-6160\" srcset=\"https:\/\/www.handball-ulm.de\/wp-content\/uploads\/2021\/08\/20210618_164028-1024x875.jpg 1024w, https:\/\/www.handball-ulm.de\/wp-content\/uploads\/2021\/08\/20210618_164028-300x256.jpg 300w, https:\/\/www.handball-ulm.de\/wp-content\/uploads\/2021\/08\/20210618_164028-768x656.jpg 768w, https:\/\/www.handball-ulm.de\/wp-content\/uploads\/2021\/08\/20210618_164028-1536x1313.jpg 1536w, https:\/\/www.handball-ulm.de\/wp-content\/uploads\/2021\/08\/20210618_164028-2048x1751.jpg 2048w, https:\/\/www.handball-ulm.de\/wp-content\/uploads\/2021\/08\/20210618_164028-1170x1000.jpg 1170w\" sizes=\"(max-width: 1024px) 100vw, 1024px\" \/><\/figure><\/li><li class=\"blocks-gallery-item\"><figure><img loading=\"lazy\" decoding=\"async\" width=\"1024\" height=\"848\" src=\"https:\/\/www.handball-ulm.de\/wp-content\/uploads\/2021\/08\/20210618_165635-1024x848.jpg\" alt=\"\" data-id=\"6161\" data-full-url=\"https:\/\/www.handball-ulm.de\/wp-content\/uploads\/2021\/08\/20210618_165635-scaled.jpg\" data-link=\"https:\/\/www.handball-ulm.de\/?attachment_id=6161\" class=\"wp-image-6161\" srcset=\"https:\/\/www.handball-ulm.de\/wp-content\/uploads\/2021\/08\/20210618_165635-1024x848.jpg 1024w, https:\/\/www.handball-ulm.de\/wp-content\/uploads\/2021\/08\/20210618_165635-300x249.jpg 300w, https:\/\/www.handball-ulm.de\/wp-content\/uploads\/2021\/08\/20210618_165635-768x636.jpg 768w, https:\/\/www.handball-ulm.de\/wp-content\/uploads\/2021\/08\/20210618_165635-1536x1273.jpg 1536w, https:\/\/www.handball-ulm.de\/wp-content\/uploads\/2021\/08\/20210618_165635-2048x1697.jpg 2048w, https:\/\/www.handball-ulm.de\/wp-content\/uploads\/2021\/08\/20210618_165635-1170x969.jpg 1170w\" sizes=\"(max-width: 1024px) 100vw, 1024px\" \/><\/figure><\/li><li class=\"blocks-gallery-item\"><figure><img loading=\"lazy\" decoding=\"async\" width=\"888\" height=\"1024\" src=\"https:\/\/www.handball-ulm.de\/wp-content\/uploads\/2021\/08\/20210618_173137-888x1024.jpg\" alt=\"\" data-id=\"6162\" data-full-url=\"https:\/\/www.handball-ulm.de\/wp-content\/uploads\/2021\/08\/20210618_173137.jpg\" data-link=\"https:\/\/www.handball-ulm.de\/?attachment_id=6162\" class=\"wp-image-6162\" srcset=\"https:\/\/www.handball-ulm.de\/wp-content\/uploads\/2021\/08\/20210618_173137-888x1024.jpg 888w, https:\/\/www.handball-ulm.de\/wp-content\/uploads\/2021\/08\/20210618_173137-260x300.jpg 260w, https:\/\/www.handball-ulm.de\/wp-content\/uploads\/2021\/08\/20210618_173137-768x885.jpg 768w, https:\/\/www.handball-ulm.de\/wp-content\/uploads\/2021\/08\/20210618_173137-1332x1536.jpg 1332w, https:\/\/www.handball-ulm.de\/wp-content\/uploads\/2021\/08\/20210618_173137-1776x2048.jpg 1776w, https:\/\/www.handball-ulm.de\/wp-content\/uploads\/2021\/08\/20210618_173137-1170x1349.jpg 1170w, https:\/\/www.handball-ulm.de\/wp-content\/uploads\/2021\/08\/20210618_173137.jpg 1811w\" sizes=\"(max-width: 888px) 100vw, 888px\" \/><\/figure><\/li><li class=\"blocks-gallery-item\"><figure><img loading=\"lazy\" decoding=\"async\" width=\"844\" height=\"1024\" src=\"https:\/\/www.handball-ulm.de\/wp-content\/uploads\/2021\/08\/20210618_174103-844x1024.jpg\" alt=\"\" data-id=\"6163\" data-full-url=\"https:\/\/www.handball-ulm.de\/wp-content\/uploads\/2021\/08\/20210618_174103.jpg\" data-link=\"https:\/\/www.handball-ulm.de\/?attachment_id=6163\" class=\"wp-image-6163\" srcset=\"https:\/\/www.handball-ulm.de\/wp-content\/uploads\/2021\/08\/20210618_174103-844x1024.jpg 844w, https:\/\/www.handball-ulm.de\/wp-content\/uploads\/2021\/08\/20210618_174103-247x300.jpg 247w, https:\/\/www.handball-ulm.de\/wp-content\/uploads\/2021\/08\/20210618_174103-768x932.jpg 768w, https:\/\/www.handball-ulm.de\/wp-content\/uploads\/2021\/08\/20210618_174103-1266x1536.jpg 1266w, https:\/\/www.handball-ulm.de\/wp-content\/uploads\/2021\/08\/20210618_174103-1170x1420.jpg 1170w, https:\/\/www.handball-ulm.de\/wp-content\/uploads\/2021\/08\/20210618_174103.jpg 1655w\" sizes=\"(max-width: 844px) 100vw, 844px\" \/><\/figure><\/li><li class=\"blocks-gallery-item\"><figure><img loading=\"lazy\" decoding=\"async\" width=\"1024\" height=\"752\" src=\"https:\/\/www.handball-ulm.de\/wp-content\/uploads\/2021\/08\/20210618_174148-1024x752.jpg\" alt=\"\" data-id=\"6164\" data-full-url=\"https:\/\/www.handball-ulm.de\/wp-content\/uploads\/2021\/08\/20210618_174148.jpg\" data-link=\"https:\/\/www.handball-ulm.de\/?attachment_id=6164\" class=\"wp-image-6164\" srcset=\"https:\/\/www.handball-ulm.de\/wp-content\/uploads\/2021\/08\/20210618_174148-1024x752.jpg 1024w, https:\/\/www.handball-ulm.de\/wp-content\/uploads\/2021\/08\/20210618_174148-300x220.jpg 300w, https:\/\/www.handball-ulm.de\/wp-content\/uploads\/2021\/08\/20210618_174148-768x564.jpg 768w, https:\/\/www.handball-ulm.de\/wp-content\/uploads\/2021\/08\/20210618_174148-1536x1129.jpg 1536w, https:\/\/www.handball-ulm.de\/wp-content\/uploads\/2021\/08\/20210618_174148-2048x1505.jpg 2048w, https:\/\/www.handball-ulm.de\/wp-content\/uploads\/2021\/08\/20210618_174148-1170x860.jpg 1170w\" sizes=\"(max-width: 1024px) 100vw, 1024px\" \/><\/figure><\/li><li class=\"blocks-gallery-item\"><figure><img loading=\"lazy\" decoding=\"async\" width=\"811\" height=\"1024\" src=\"https:\/\/www.handball-ulm.de\/wp-content\/uploads\/2021\/08\/20210618_174331-811x1024.jpg\" alt=\"\" data-id=\"6165\" data-full-url=\"https:\/\/www.handball-ulm.de\/wp-content\/uploads\/2021\/08\/20210618_174331-scaled.jpg\" data-link=\"https:\/\/www.handball-ulm.de\/?attachment_id=6165\" class=\"wp-image-6165\" srcset=\"https:\/\/www.handball-ulm.de\/wp-content\/uploads\/2021\/08\/20210618_174331-811x1024.jpg 811w, https:\/\/www.handball-ulm.de\/wp-content\/uploads\/2021\/08\/20210618_174331-238x300.jpg 238w, https:\/\/www.handball-ulm.de\/wp-content\/uploads\/2021\/08\/20210618_174331-768x970.jpg 768w, https:\/\/www.handball-ulm.de\/wp-content\/uploads\/2021\/08\/20210618_174331-1217x1536.jpg 1217w, https:\/\/www.handball-ulm.de\/wp-content\/uploads\/2021\/08\/20210618_174331-1622x2048.jpg 1622w, https:\/\/www.handball-ulm.de\/wp-content\/uploads\/2021\/08\/20210618_174331-1170x1477.jpg 1170w, https:\/\/www.handball-ulm.de\/wp-content\/uploads\/2021\/08\/20210618_174331-scaled.jpg 2028w\" sizes=\"(max-width: 811px) 100vw, 811px\" \/><\/figure><\/li><\/ul><\/figure>\n\n\n\n<p>Mehr Fotos unter:<\/p>\n\n\n\n<figure class=\"wp-block-embed-wordpress wp-block-embed is-type-wp-embed is-provider-sg-ulm-amp-wiblingen-handball\"><div class=\"wp-block-embed__wrapper\">\n<blockquote class=\"wp-embedded-content\" data-secret=\"J21e1fJMt2\"><a href=\"https:\/\/www.handball-ulm.de\/?page_id=91\">Galerie<\/a><\/blockquote><iframe class=\"wp-embedded-content\" sandbox=\"allow-scripts\" security=\"restricted\" style=\"position: absolute; clip: rect(1px, 1px, 1px, 1px);\" title=\"&#8222;Galerie&#8220; &#8212; SG Ulm &amp; Wiblingen - Handball\" src=\"https:\/\/www.handball-ulm.de\/?page_id=91&#038;embed=true#?secret=J21e1fJMt2\" data-secret=\"J21e1fJMt2\" width=\"600\" height=\"338\" frameborder=\"0\" marginwidth=\"0\" marginheight=\"0\" scrolling=\"no\"><\/iframe>\n<\/div><\/figure>\n","protected":false},"excerpt":{"rendered":"<p>\u201eFeuer-Wasser-Baum\u201c &#8211; Trainng im gro\u00dfen Garten &#8211; ein Kindertraum<\/p>\n<br\/><br\/><a class=\"read-more\" href=\"https:\/\/www.handball-ulm.de\/?p=6152\"> Mehr lesen...<\/a>","protected":false},"author":10,"featured_media":6153,"comment_status":"closed","ping_status":"closed","sticky":false,"template":"","format":"standard","meta":{"ngg_post_thumbnail":0,"footnotes":""},"categories":[72,31,29,8,63],"tags":[],"_links":{"self":[{"href":"https:\/\/www.handball-ulm.de\/index.php?rest_route=\/wp\/v2\/posts\/6152"}],"collection":[{"href":"https:\/\/www.handball-ulm.de\/index.php?rest_route=\/wp\/v2\/posts"}],"about":[{"href":"https:\/\/www.handball-ulm.de\/index.php?rest_route=\/wp\/v2\/types\/post"}],"author":[{"embeddable":true,"href":"https:\/\/www.handball-ulm.de\/index.php?rest_route=\/wp\/v2\/users\/10"}],"replies":[{"embeddable":true,"href":"https:\/\/www.handball-ulm.de\/index.php?rest_route=%2Fwp%2Fv2%2Fcomments&post=6152"}],"version-history":[{"count":4,"href":"https:\/\/www.handball-ulm.de\/index.php?rest_route=\/wp\/v2\/posts\/6152\/revisions"}],"predecessor-version":[{"id":6168,"href":"https:\/\/www.handball-ulm.de\/index.php?rest_route=\/wp\/v2\/posts\/6152\/revisions\/6168"}],"wp:featuredmedia":[{"embeddable":true,"href":"https:\/\/www.handball-ulm.de\/index.php?rest_route=\/wp\/v2\/media\/6153"}],"wp:attachment":[{"href":"https:\/\/www.handball-ulm.de\/index.php?rest_route=%2Fwp%2Fv2%2Fmedia&parent=6152"}],"wp:term":[{"taxonomy":"category","embeddable":true,"href":"https:\/\/www.handball-ulm.de\/index.php?rest_route=%2Fwp%2Fv2%2Fcategories&post=6152"},{"taxonomy":"post_tag","embeddable":true,"href":"https:\/\/www.handball-ulm.de\/index.php?rest_route=%2Fwp%2Fv2%2Ftags&post=6152"}],"curies":[{"name":"wp","href":"https:\/\/api.w.org\/{rel}","templated":true}]}}