{"id":6137,"date":"2021-09-12T22:57:00","date_gmt":"2021-09-12T20:57:00","guid":{"rendered":"https:\/\/www.handball-ulm.de\/?p=6137"},"modified":"2021-10-29T09:58:59","modified_gmt":"2021-10-29T07:58:59","slug":"handballcamp-im-sommer-2021","status":"publish","type":"post","link":"https:\/\/www.handball-ulm.de\/?p=6137","title":{"rendered":"Handballcamp im Sommer 2021"},"content":{"rendered":"\n<figure class=\"wp-block-image size-large\"><img loading=\"lazy\" decoding=\"async\" width=\"963\" height=\"1024\" src=\"https:\/\/www.handball-ulm.de\/wp-content\/uploads\/2021\/10\/IMG_8472-963x1024.jpg\" alt=\"\" class=\"wp-image-7355\" srcset=\"https:\/\/www.handball-ulm.de\/wp-content\/uploads\/2021\/10\/IMG_8472-963x1024.jpg 963w, https:\/\/www.handball-ulm.de\/wp-content\/uploads\/2021\/10\/IMG_8472-282x300.jpg 282w, https:\/\/www.handball-ulm.de\/wp-content\/uploads\/2021\/10\/IMG_8472-768x816.jpg 768w, https:\/\/www.handball-ulm.de\/wp-content\/uploads\/2021\/10\/IMG_8472.jpg 982w\" sizes=\"(max-width: 963px) 100vw, 963px\" \/><\/figure>\n\n\n\n<p>In der letzten Woche der Sommerferien trafen sich Montagfr\u00fch Trainer der SG Ulm &amp; Wiblingen und erwarteten die Kinder der E- und F-Jugend(6 \u2013 9 Jahre) in der Ballspielhalle.<\/p>\n\n\n\n<p>F\u00fcnf Tage lang t\u00e4glich drei Stunden sollte der Spa\u00df und der Handballsport ganz gro\u00df geschrieben werden.<\/p>\n\n\n\n<p>20 Kinder lernten koordinativ viel dazu. Sie spielten Fangspiele durch die ganze Halle.<\/p>\n\n\n\n<p>Wurf\u00fcbungen standen auf dem Programm. Sehr schnell sahen die Trainer die gro\u00dfen Entwicklungen bei den Kindern. Das Lieblingsspiel war B\u00e4lleklauen.<\/p>\n\n\n\n<p>Handballspiele, Torw\u00fcrfe, schnelle L\u00e4ufe mit den Ziel, noch ein paar Mal das gro\u00dfe Tor zu treffen, das machte alle Kinder am Ende zufrieden und die Trainer auch.<\/p>\n\n\n\n<figure class=\"wp-block-image size-large\"><img loading=\"lazy\" decoding=\"async\" width=\"1024\" height=\"668\" src=\"https:\/\/www.handball-ulm.de\/wp-content\/uploads\/2021\/10\/IMG_8545-1024x668.jpg\" alt=\"\" class=\"wp-image-7356\" srcset=\"https:\/\/www.handball-ulm.de\/wp-content\/uploads\/2021\/10\/IMG_8545-1024x668.jpg 1024w, https:\/\/www.handball-ulm.de\/wp-content\/uploads\/2021\/10\/IMG_8545-300x196.jpg 300w, https:\/\/www.handball-ulm.de\/wp-content\/uploads\/2021\/10\/IMG_8545-768x501.jpg 768w, https:\/\/www.handball-ulm.de\/wp-content\/uploads\/2021\/10\/IMG_8545-1536x1002.jpg 1536w, https:\/\/www.handball-ulm.de\/wp-content\/uploads\/2021\/10\/IMG_8545-2048x1335.jpg 2048w, https:\/\/www.handball-ulm.de\/wp-content\/uploads\/2021\/10\/IMG_8545-1170x763.jpg 1170w\" sizes=\"(max-width: 1024px) 100vw, 1024px\" \/><\/figure>\n\n\n\n<p>Ab 13 Uhr str\u00f6mten 25 Kinder der D-Jugenden(11 und 12 Jahre) in die Halle. Sie freuten sich ebenso wie die Kleinen \u00fcber ihr neues Camp-T-Shirt und den neuen Ball.<\/p>\n\n\n\n<p>Ballgeschicklichkeit und Koordination sind f\u00fcr Handballer sehr wichtig. Stabilit\u00e4ts- und Kr\u00e4ftigungs- und Wurf\u00fcbungen standen auf dem Plan. Allerdings auf h\u00f6herem Niveau als bei den Kleinen.<\/p>\n\n\n\n<p>Zwei der Trainer sind sehr gute Torh\u00fcter, so konnten sie w\u00e4hrend der Torwurfaktionen besonders gut die Jungtorh\u00fcter anleiten. Die anderen Trainer sorgten daf\u00fcr, dass die Werfer in schneller Folge kamen. Nat\u00fcrlich spielten auch die Kinder der D-Jugend am Schluss Handball. Da es drei Mannschaften gab, vergn\u00fcgte sich immer eine Mannschaft am Rand mit Pezziball-Tischtennis. Beinahe machte das mehr Spa\u00df als Handball. Aber eben nur fast. Jeden Tag um 16 Uhr sahen zumindest die meisten Kinder rechtschaffen k.o. aus. Dies werten wir Trainer mal als gutes Zeichen.<\/p>\n\n\n\n<figure class=\"wp-block-image size-large\"><img loading=\"lazy\" decoding=\"async\" width=\"1024\" height=\"544\" src=\"https:\/\/www.handball-ulm.de\/wp-content\/uploads\/2021\/10\/20210908_172107-1024x544.jpg\" alt=\"\" class=\"wp-image-7357\" srcset=\"https:\/\/www.handball-ulm.de\/wp-content\/uploads\/2021\/10\/20210908_172107-1024x544.jpg 1024w, https:\/\/www.handball-ulm.de\/wp-content\/uploads\/2021\/10\/20210908_172107-300x159.jpg 300w, https:\/\/www.handball-ulm.de\/wp-content\/uploads\/2021\/10\/20210908_172107-768x408.jpg 768w, https:\/\/www.handball-ulm.de\/wp-content\/uploads\/2021\/10\/20210908_172107-1536x816.jpg 1536w, https:\/\/www.handball-ulm.de\/wp-content\/uploads\/2021\/10\/20210908_172107-2048x1089.jpg 2048w, https:\/\/www.handball-ulm.de\/wp-content\/uploads\/2021\/10\/20210908_172107-1170x622.jpg 1170w\" sizes=\"(max-width: 1024px) 100vw, 1024px\" \/><\/figure>\n\n\n\n<p>Ab Mittwoch kamen um 17 Uhr die Gro\u00dfen der C- und B-Jugenden(13-16 Jahre) in die Ballspielhalle.<\/p>\n\n\n\n<p>35 M\u00e4dchen und Jungen galt es, qualifiziert zu bewegen und ihnen viel beizubringen.<\/p>\n\n\n\n<p>In immer zwei Gruppen wurden diverse handballspezifische \u00dcbungen erkl\u00e4rt und durchgef\u00fchrt. Dass am Ende der Tage das obligatorische Handballspiel nicht fehlen durfte, ist v\u00f6llig klar. Jeden Tag um 20 Uhr hatten Trainer und Spieler Feierabend.<\/p>\n\n\n\n<p>Am Samstag der Ferienwoche trafen die Jugendlichen um 10 Uhr in der Halle ein. Heute war die intensive Einf\u00fchrung einer 3-2-1 Abwehr angesagt. Bis 17 Uhr ging dieser Trainingstag voller Handball. Nur eine kleine Pizzapause unterbrach das sportliche Treiben.<\/p>\n\n\n\n<p>Als H\u00f6hepunkt der Campwoche lud die SG Ulm &amp; Wiblingen am Sonntag verschiedene Gegner ein, sich mit den Ulmer Mannschaften zu messen.<\/p>\n\n\n\n<p>Das viele Trainieren zeigte Wirkung, denn nahezu alle Spiele wurden gewonnen.<\/p>\n\n\n\n<p>Wir danken der Stadt Ulm f\u00fcr die gute Kooperation bez\u00fcglich Hallenbelegung und unseren Trainern f\u00fcr ihren unerm\u00fcdlichen Einsatz.<\/p>\n\n\n\n<figure class=\"wp-block-image size-large\"><img loading=\"lazy\" decoding=\"async\" width=\"1024\" height=\"785\" src=\"https:\/\/www.handball-ulm.de\/wp-content\/uploads\/2021\/10\/IMG_8470-1024x785.jpg\" alt=\"\" class=\"wp-image-7358\" srcset=\"https:\/\/www.handball-ulm.de\/wp-content\/uploads\/2021\/10\/IMG_8470-1024x785.jpg 1024w, https:\/\/www.handball-ulm.de\/wp-content\/uploads\/2021\/10\/IMG_8470-300x230.jpg 300w, https:\/\/www.handball-ulm.de\/wp-content\/uploads\/2021\/10\/IMG_8470-768x589.jpg 768w, https:\/\/www.handball-ulm.de\/wp-content\/uploads\/2021\/10\/IMG_8470-1536x1177.jpg 1536w, https:\/\/www.handball-ulm.de\/wp-content\/uploads\/2021\/10\/IMG_8470-1170x897.jpg 1170w, https:\/\/www.handball-ulm.de\/wp-content\/uploads\/2021\/10\/IMG_8470.jpg 1786w\" sizes=\"(max-width: 1024px) 100vw, 1024px\" \/><\/figure>\n\n\n\n<h2 class=\"wp-block-heading\">mehr Fotos unter <a href=\"https:\/\/www.handball-ulm.de\/index.php\/nggallery\/alles\/2021-sommercamp?page_id=91\">https:\/\/www.handball-ulm.de\/index.php\/nggallery\/alles\/2021-sommercamp?page_id=91<\/a><\/h2>\n\n\n\n<p>Start am 06.September 2021 um 8:30 mit der E-Jugend<\/p>\n\n\n\n<p>Montag bis Freitag 8:30 &#8211; 11:45 Uhr in der Ballspielhalle<\/p>\n\n\n\n<p> Montag bis Freitag  13:00 -16:00 Uhr Camp f\u00fcr die D-Jugend<\/p>\n\n\n\n<p>Mittwoch bis Freitag 17.00 &#8211; 20.00 Uhr Camp f\u00fcr die C\/B-Jugend<\/p>\n\n\n\n<p>Samstag, 11.09.2021 10.00 &#8211; 17.00 Uhr Camp f\u00fcr die C\/B-Jugend<\/p>\n\n\n\n<p>Sonntag ab 9:30 Uhr Freundschaftsspiele aller beteiligten Mansnchaften<\/p>\n\n\n\n<p><\/p>\n","protected":false},"excerpt":{"rendered":"<p>Handballcamp im Sommer 2021<\/p>\n<br\/><br\/><a class=\"read-more\" href=\"https:\/\/www.handball-ulm.de\/?p=6137\"> Mehr lesen...<\/a>","protected":false},"author":10,"featured_media":6141,"comment_status":"closed","ping_status":"closed","sticky":false,"template":"","format":"standard","meta":{"ngg_post_thumbnail":0,"footnotes":""},"categories":[1,72,79],"tags":[],"_links":{"self":[{"href":"https:\/\/www.handball-ulm.de\/index.php?rest_route=\/wp\/v2\/posts\/6137"}],"collection":[{"href":"https:\/\/www.handball-ulm.de\/index.php?rest_route=\/wp\/v2\/posts"}],"about":[{"href":"https:\/\/www.handball-ulm.de\/index.php?rest_route=\/wp\/v2\/types\/post"}],"author":[{"embeddable":true,"href":"https:\/\/www.handball-ulm.de\/index.php?rest_route=\/wp\/v2\/users\/10"}],"replies":[{"embeddable":true,"href":"https:\/\/www.handball-ulm.de\/index.php?rest_route=%2Fwp%2Fv2%2Fcomments&post=6137"}],"version-history":[{"count":4,"href":"https:\/\/www.handball-ulm.de\/index.php?rest_route=\/wp\/v2\/posts\/6137\/revisions"}],"predecessor-version":[{"id":7361,"href":"https:\/\/www.handball-ulm.de\/index.php?rest_route=\/wp\/v2\/posts\/6137\/revisions\/7361"}],"wp:featuredmedia":[{"embeddable":true,"href":"https:\/\/www.handball-ulm.de\/index.php?rest_route=\/wp\/v2\/media\/6141"}],"wp:attachment":[{"href":"https:\/\/www.handball-ulm.de\/index.php?rest_route=%2Fwp%2Fv2%2Fmedia&parent=6137"}],"wp:term":[{"taxonomy":"category","embeddable":true,"href":"https:\/\/www.handball-ulm.de\/index.php?rest_route=%2Fwp%2Fv2%2Fcategories&post=6137"},{"taxonomy":"post_tag","embeddable":true,"href":"https:\/\/www.handball-ulm.de\/index.php?rest_route=%2Fwp%2Fv2%2Ftags&post=6137"}],"curies":[{"name":"wp","href":"https:\/\/api.w.org\/{rel}","templated":true}]}}