{"id":609,"date":"2019-02-04T22:22:43","date_gmt":"2019-02-04T21:22:43","guid":{"rendered":"https:\/\/sgulm.tcremer.de\/?p=609"},"modified":"2019-02-20T22:23:03","modified_gmt":"2019-02-20T21:23:03","slug":"minis-wiblingen-saison-bericht-2017-18","status":"publish","type":"post","link":"https:\/\/www.handball-ulm.de\/?p=609","title":{"rendered":"Minis Wiblingen: Saison Bericht 2018\/19"},"content":{"rendered":"<p>In der Saison 2017\/18 wurden erstmals die Minis (bis 6 Jahre) von der F-Jugend (bis 8 Jahre) getrennt, um auch f\u00fcr die Kleinen ein altersgerechteres Training anbieten zu k\u00f6nnen.<br \/>\nIn dieser Altersklasse wird der Fokus auf das Kennenlernen verschiedener Bewegungsformen gelegt. Dabei werden grunds\u00e4tzlich verschiedene Bewegungslandschaften mit den unterschiedlichsten motorischen und koordinativen Stationen angeboten. Auch wird noch kein normales Handballspiel gespielt, sondern entwicklungsgerechte Ballspiele. Dabei kommen auch unterschiedliche B\u00e4lle (Tennis-, Tischtennis-, Fu\u00df- oder spezielle Basketb\u00e4lle) zum Einsatz. Die Bewegung und der Spa\u00df mit und ohne Ball soll im Vordergrund stehen und langfristig die Freude am Handball aufrechterhalten. <\/p>\n<p>Aufgrund der altersgerechten Trennung in der abgelaufenen Saison war es uns nun auch m\u00f6glich auf mehrere Minispieltage in der n\u00e4heren Umgebung zu fahren. Diese waren nat\u00fcrlich f\u00fcr die Minis die gro\u00dfen Highlights der Saison!<br \/>\nJedes Turnier beginnt mit einem gemeinsamen Aufw\u00e4rmspiel. Dann stehen Spiele wie z.B. Mattenball, K\u00f6nigsball, Zimmeraufr\u00e4umen und die Bezwingung unterschiedlichster Parcours auf dem Plan. Dabei wurden unsere Minis von den zahlreich mitgereisten Eltern und Verwandten nat\u00fcrlich super angefeuert! Nach einem gemeinsamen Abschlussspiel gibt es dann bei der Siegerehrung f\u00fcr alle Spieler eine \u00dcberraschung. <\/p>\n<p>Unsere Mini-Handballmannschaft sucht immer Nachwuchs. Seid ihr mindesten 4 Jahre, dann freuen wir uns riesig, wenn ihr dabei seid.<br \/>\nF\u00fcr Anf\u00e4nger sowie Fortgeschrittene ist viel Platz. <\/p>\n<p>Die Trainer der Minis<\/p>\n<p>Holger, Darlin, Bianca und Tim<\/p>\n","protected":false},"excerpt":{"rendered":"<p>In der Saison 2017\/18 wurden erstmals die Minis (bis 6 Jahre) von der F-Jugend (bis 8 Jahre) getrennt, um auch f\u00fcr die Kleinen ein altersgerechteres Training anbieten zu k\u00f6nnen. In dieser Altersklasse wird der Fokus auf das Kennenlernen verschiedener Bewegungsformen gelegt. Dabei werden grunds\u00e4tzlich verschiedene Bewegungslandschaften mit den unterschiedlichsten motorischen und koordinativen Stationen angeboten. Auch [&hellip;]<\/p>\n<br\/><br\/><a class=\"read-more\" href=\"https:\/\/www.handball-ulm.de\/?p=609\"> Mehr lesen...<\/a>","protected":false},"author":1,"featured_media":0,"comment_status":"closed","ping_status":"closed","sticky":false,"template":"","format":"standard","meta":{"ngg_post_thumbnail":0,"footnotes":""},"categories":[30],"tags":[],"_links":{"self":[{"href":"https:\/\/www.handball-ulm.de\/index.php?rest_route=\/wp\/v2\/posts\/609"}],"collection":[{"href":"https:\/\/www.handball-ulm.de\/index.php?rest_route=\/wp\/v2\/posts"}],"about":[{"href":"https:\/\/www.handball-ulm.de\/index.php?rest_route=\/wp\/v2\/types\/post"}],"author":[{"embeddable":true,"href":"https:\/\/www.handball-ulm.de\/index.php?rest_route=\/wp\/v2\/users\/1"}],"replies":[{"embeddable":true,"href":"https:\/\/www.handball-ulm.de\/index.php?rest_route=%2Fwp%2Fv2%2Fcomments&post=609"}],"version-history":[{"count":2,"href":"https:\/\/www.handball-ulm.de\/index.php?rest_route=\/wp\/v2\/posts\/609\/revisions"}],"predecessor-version":[{"id":625,"href":"https:\/\/www.handball-ulm.de\/index.php?rest_route=\/wp\/v2\/posts\/609\/revisions\/625"}],"wp:attachment":[{"href":"https:\/\/www.handball-ulm.de\/index.php?rest_route=%2Fwp%2Fv2%2Fmedia&parent=609"}],"wp:term":[{"taxonomy":"category","embeddable":true,"href":"https:\/\/www.handball-ulm.de\/index.php?rest_route=%2Fwp%2Fv2%2Fcategories&post=609"},{"taxonomy":"post_tag","embeddable":true,"href":"https:\/\/www.handball-ulm.de\/index.php?rest_route=%2Fwp%2Fv2%2Ftags&post=609"}],"curies":[{"name":"wp","href":"https:\/\/api.w.org\/{rel}","templated":true}]}}