{"id":607,"date":"2019-02-04T22:07:28","date_gmt":"2019-02-04T21:07:28","guid":{"rendered":"https:\/\/sgulm.tcremer.de\/?p=607"},"modified":"2019-02-20T22:23:03","modified_gmt":"2019-02-20T21:23:03","slug":"gemischt-f-ulm-saison-bericht-2017-18","status":"publish","type":"post","link":"https:\/\/www.handball-ulm.de\/?p=607","title":{"rendered":"Gemischt F Wiblingen: Saison Bericht 2018\/19"},"content":{"rendered":"<p>Wir freuen uns \u00fcber viele neue Spielerinnen und Spieler die aus den Minis zu uns gekommen sind und hoffen weitere Kinder die Handball begeistert sind dazu zu bekommen. <\/p>\n<p>Wir wollen mit viel Spa\u00df und Spielen motivieren, koordinativ schulen und den Kindern die Freude an Handball n\u00e4her bringen. Wir w\u00fcnschen uns eine spannende und erfolgreiche Saison. <\/p>\n","protected":false},"excerpt":{"rendered":"<p>Wir freuen uns \u00fcber viele neue Spielerinnen und Spieler die aus den Minis zu uns gekommen sind und hoffen weitere Kinder die Handball begeistert sind dazu zu bekommen. Wir wollen mit viel Spa\u00df und Spielen motivieren, koordinativ schulen und den Kindern die Freude an Handball n\u00e4her bringen. Wir w\u00fcnschen uns eine spannende und erfolgreiche Saison.<\/p>\n<br\/><br\/><a class=\"read-more\" href=\"https:\/\/www.handball-ulm.de\/?p=607\"> Mehr lesen...<\/a>","protected":false},"author":1,"featured_media":0,"comment_status":"closed","ping_status":"closed","sticky":false,"template":"","format":"standard","meta":{"ngg_post_thumbnail":0,"footnotes":""},"categories":[28],"tags":[],"_links":{"self":[{"href":"https:\/\/www.handball-ulm.de\/index.php?rest_route=\/wp\/v2\/posts\/607"}],"collection":[{"href":"https:\/\/www.handball-ulm.de\/index.php?rest_route=\/wp\/v2\/posts"}],"about":[{"href":"https:\/\/www.handball-ulm.de\/index.php?rest_route=\/wp\/v2\/types\/post"}],"author":[{"embeddable":true,"href":"https:\/\/www.handball-ulm.de\/index.php?rest_route=\/wp\/v2\/users\/1"}],"replies":[{"embeddable":true,"href":"https:\/\/www.handball-ulm.de\/index.php?rest_route=%2Fwp%2Fv2%2Fcomments&post=607"}],"version-history":[{"count":3,"href":"https:\/\/www.handball-ulm.de\/index.php?rest_route=\/wp\/v2\/posts\/607\/revisions"}],"predecessor-version":[{"id":683,"href":"https:\/\/www.handball-ulm.de\/index.php?rest_route=\/wp\/v2\/posts\/607\/revisions\/683"}],"wp:attachment":[{"href":"https:\/\/www.handball-ulm.de\/index.php?rest_route=%2Fwp%2Fv2%2Fmedia&parent=607"}],"wp:term":[{"taxonomy":"category","embeddable":true,"href":"https:\/\/www.handball-ulm.de\/index.php?rest_route=%2Fwp%2Fv2%2Fcategories&post=607"},{"taxonomy":"post_tag","embeddable":true,"href":"https:\/\/www.handball-ulm.de\/index.php?rest_route=%2Fwp%2Fv2%2Ftags&post=607"}],"curies":[{"name":"wp","href":"https:\/\/api.w.org\/{rel}","templated":true}]}}