{"id":5443,"date":"2021-03-29T10:13:04","date_gmt":"2021-03-29T08:13:04","guid":{"rendered":"https:\/\/www.handball-ulm.de\/?p=5443"},"modified":"2021-03-29T10:15:21","modified_gmt":"2021-03-29T08:15:21","slug":"unser-trainer-fuer-die-maenner-2","status":"publish","type":"post","link":"https:\/\/www.handball-ulm.de\/?p=5443","title":{"rendered":"Unser Trainer f\u00fcr die M\u00e4nner 2"},"content":{"rendered":"\n<figure class=\"wp-block-image size-large\"><img loading=\"lazy\" decoding=\"async\" width=\"819\" height=\"1024\" src=\"https:\/\/www.handball-ulm.de\/wp-content\/uploads\/2021\/03\/WhatsApp-Image-2021-03-26-at-14.33.34-819x1024.jpeg\" alt=\"\" class=\"wp-image-5444\" srcset=\"https:\/\/www.handball-ulm.de\/wp-content\/uploads\/2021\/03\/WhatsApp-Image-2021-03-26-at-14.33.34-819x1024.jpeg 819w, https:\/\/www.handball-ulm.de\/wp-content\/uploads\/2021\/03\/WhatsApp-Image-2021-03-26-at-14.33.34-240x300.jpeg 240w, https:\/\/www.handball-ulm.de\/wp-content\/uploads\/2021\/03\/WhatsApp-Image-2021-03-26-at-14.33.34-768x960.jpeg 768w, https:\/\/www.handball-ulm.de\/wp-content\/uploads\/2021\/03\/WhatsApp-Image-2021-03-26-at-14.33.34.jpeg 1080w\" sizes=\"(max-width: 819px) 100vw, 819px\" \/><\/figure>\n\n\n\n<p class=\"has-text-color has-normal-font-size has-vivid-cyan-blue-color\">Wir d\u00fcrfen unseren Trainer der M\u00e4nner 2 vorstellen. <br> <br> Phillip D\u00f6rfler . <br> <br> Phillip hat seine Karriere als Spieler bei der SG Ulm &amp; Wiblingen begonnen und ist Trainer seit seinem 13 Lebensjahr. Dadurch konnte er schon sehr viel Erfahrung sammeln. Er hat die C- Lizenz Leistungssport Handball begonnen. <br> <br> Phillip , was sagst du dazu? <br> <br> +Pizza oder Burger? &#8211; Kann man nicht entscheiden, ist auf jeden Fall beides lebensnotwendig. <br> <br> +Meer oder Berge? &#8211; Meer<br> <br> +Bier oder Wein? &#8211; (gutes) Bier<br> <br> +Aufstieg mit einer Mannschaft ohne Teamchemie oder Klassenerhalt mit einer Mannschaft mit viel Teamchemie? &#8211; Aufstieg mit einer Mannschaft mit viel Teamchemie w\u00fcrde ich sagen &#8211; sonst w\u00fcrde ich ja nicht die Herren 2 trainieren \ud83d\ude01<br> <br> +Wenn du eine Profi Mannschaft trainieren k\u00f6nntest. Welche w\u00e4re es? &#8211; Ich w\u00fcrde die aktuellen Jungs der Herren 2 nicht tauschen wollen. Der richtige Mix zwischen Leistung und Spa\u00df in dem Sport ist aktuell genau richtig. Bei den Profis ist das doch arg viel Stress. <br> <br> Wir freuen uns riesig, dass du weiter Teil unserer Handball Familie bleibst \ud83d\ude0e<br> <br> Foto@simonreitzphotography<\/p>\n","protected":false},"excerpt":{"rendered":"<p>Wir d\u00fcrfen unseren Trainer der M\u00e4nner 2 vorstellen. Phillip D\u00f6rfler . Phillip hat seine Karriere als Spieler bei der SG Ulm &amp; Wiblingen begonnen und ist Trainer seit seinem 13 Lebensjahr. Dadurch konnte er schon sehr viel Erfahrung sammeln. Er hat die C- Lizenz Leistungssport Handball begonnen. Phillip , was sagst du dazu? +Pizza oder [&hellip;]<\/p>\n<br\/><br\/><a class=\"read-more\" href=\"https:\/\/www.handball-ulm.de\/?p=5443\"> Mehr lesen...<\/a>","protected":false},"author":10,"featured_media":5447,"comment_status":"closed","ping_status":"closed","sticky":false,"template":"","format":"standard","meta":{"ngg_post_thumbnail":0,"footnotes":""},"categories":[72,12,8,63],"tags":[],"_links":{"self":[{"href":"https:\/\/www.handball-ulm.de\/index.php?rest_route=\/wp\/v2\/posts\/5443"}],"collection":[{"href":"https:\/\/www.handball-ulm.de\/index.php?rest_route=\/wp\/v2\/posts"}],"about":[{"href":"https:\/\/www.handball-ulm.de\/index.php?rest_route=\/wp\/v2\/types\/post"}],"author":[{"embeddable":true,"href":"https:\/\/www.handball-ulm.de\/index.php?rest_route=\/wp\/v2\/users\/10"}],"replies":[{"embeddable":true,"href":"https:\/\/www.handball-ulm.de\/index.php?rest_route=%2Fwp%2Fv2%2Fcomments&post=5443"}],"version-history":[{"count":2,"href":"https:\/\/www.handball-ulm.de\/index.php?rest_route=\/wp\/v2\/posts\/5443\/revisions"}],"predecessor-version":[{"id":6042,"href":"https:\/\/www.handball-ulm.de\/index.php?rest_route=\/wp\/v2\/posts\/5443\/revisions\/6042"}],"wp:featuredmedia":[{"embeddable":true,"href":"https:\/\/www.handball-ulm.de\/index.php?rest_route=\/wp\/v2\/media\/5447"}],"wp:attachment":[{"href":"https:\/\/www.handball-ulm.de\/index.php?rest_route=%2Fwp%2Fv2%2Fmedia&parent=5443"}],"wp:term":[{"taxonomy":"category","embeddable":true,"href":"https:\/\/www.handball-ulm.de\/index.php?rest_route=%2Fwp%2Fv2%2Fcategories&post=5443"},{"taxonomy":"post_tag","embeddable":true,"href":"https:\/\/www.handball-ulm.de\/index.php?rest_route=%2Fwp%2Fv2%2Ftags&post=5443"}],"curies":[{"name":"wp","href":"https:\/\/api.w.org\/{rel}","templated":true}]}}