{"id":518,"date":"2019-01-14T22:12:20","date_gmt":"2019-01-14T21:12:20","guid":{"rendered":"https:\/\/sgulm.tcremer.de\/?p=518"},"modified":"2019-02-20T22:23:04","modified_gmt":"2019-02-20T21:23:04","slug":"gemischt-d1-saison-bericht-2017-18","status":"publish","type":"post","link":"https:\/\/www.handball-ulm.de\/?p=518","title":{"rendered":"Gemischt D1: Saison Bericht 2018\/19"},"content":{"rendered":"<p>Eine harte Qualifikationsrunde ist vorbei mit einer tollen Trainingsbeteiligung und vollem Einsatz bei allen Vorbereitungsturnieren (auch der Eltern).<br \/>\nMit einer eindrucksvollen Mannschaftsleistung konnten wir uns erfolgreich gegen die Top-Teams des Bezirks Bodensee\/Donau beweisen und uns f\u00fcr die h\u00f6chste Liga qualifizieren. <\/p>\n<p>Somit haben wir als Gemeinschaft das Fundament f\u00fcr hochkar\u00e4tigen Handball in der D-Jugend schon mal gesetzt und hoffen auf tatkr\u00e4ftige Unterst\u00fctzung unserer Zuschauer bei den Spielen. <\/p>\n<p>Ein Dankesch\u00f6n geht ganz klar an alle Eltern, die diese Erfolge durch ihre tolle Unterst\u00fctzung (auch bei Sondertrainingseinheiten) erst m\u00f6glich gemacht haben.<\/p>\n<p>Evangelos Papadopoulos<\/p>\n","protected":false},"excerpt":{"rendered":"<p>Eine harte Qualifikationsrunde ist vorbei mit einer tollen Trainingsbeteiligung und vollem Einsatz bei allen Vorbereitungsturnieren (auch der Eltern). Mit einer eindrucksvollen Mannschaftsleistung konnten wir uns erfolgreich gegen die Top-Teams des Bezirks Bodensee\/Donau beweisen und uns f\u00fcr die h\u00f6chste Liga qualifizieren. Somit haben wir als Gemeinschaft das Fundament f\u00fcr hochkar\u00e4tigen Handball in der D-Jugend schon mal [&hellip;]<\/p>\n<br\/><br\/><a class=\"read-more\" href=\"https:\/\/www.handball-ulm.de\/?p=518\"> Mehr lesen...<\/a>","protected":false},"author":1,"featured_media":0,"comment_status":"closed","ping_status":"closed","sticky":false,"template":"","format":"standard","meta":{"ngg_post_thumbnail":0,"footnotes":""},"categories":[22],"tags":[],"_links":{"self":[{"href":"https:\/\/www.handball-ulm.de\/index.php?rest_route=\/wp\/v2\/posts\/518"}],"collection":[{"href":"https:\/\/www.handball-ulm.de\/index.php?rest_route=\/wp\/v2\/posts"}],"about":[{"href":"https:\/\/www.handball-ulm.de\/index.php?rest_route=\/wp\/v2\/types\/post"}],"author":[{"embeddable":true,"href":"https:\/\/www.handball-ulm.de\/index.php?rest_route=\/wp\/v2\/users\/1"}],"replies":[{"embeddable":true,"href":"https:\/\/www.handball-ulm.de\/index.php?rest_route=%2Fwp%2Fv2%2Fcomments&post=518"}],"version-history":[{"count":2,"href":"https:\/\/www.handball-ulm.de\/index.php?rest_route=\/wp\/v2\/posts\/518\/revisions"}],"predecessor-version":[{"id":620,"href":"https:\/\/www.handball-ulm.de\/index.php?rest_route=\/wp\/v2\/posts\/518\/revisions\/620"}],"wp:attachment":[{"href":"https:\/\/www.handball-ulm.de\/index.php?rest_route=%2Fwp%2Fv2%2Fmedia&parent=518"}],"wp:term":[{"taxonomy":"category","embeddable":true,"href":"https:\/\/www.handball-ulm.de\/index.php?rest_route=%2Fwp%2Fv2%2Fcategories&post=518"},{"taxonomy":"post_tag","embeddable":true,"href":"https:\/\/www.handball-ulm.de\/index.php?rest_route=%2Fwp%2Fv2%2Ftags&post=518"}],"curies":[{"name":"wp","href":"https:\/\/api.w.org\/{rel}","templated":true}]}}