{"id":5107,"date":"2020-11-28T09:40:13","date_gmt":"2020-11-28T08:40:13","guid":{"rendered":"https:\/\/www.handball-ulm.de\/?p=5107"},"modified":"2020-12-28T10:11:10","modified_gmt":"2020-12-28T09:11:10","slug":"raetseladventskalender-2020","status":"publish","type":"post","link":"https:\/\/www.handball-ulm.de\/?p=5107","title":{"rendered":"R\u00e4tseladventskalender 2020"},"content":{"rendered":"\n<figure class=\"wp-block-gallery columns-2 is-cropped wp-block-gallery-1 is-layout-flex wp-block-gallery-is-layout-flex\"><ul class=\"blocks-gallery-grid\"><li class=\"blocks-gallery-item\"><figure><img loading=\"lazy\" decoding=\"async\" width=\"728\" height=\"728\" src=\"https:\/\/www.handball-ulm.de\/wp-content\/uploads\/2020\/11\/Screenshot-525.png\" alt=\"\" data-id=\"5111\" data-full-url=\"https:\/\/www.handball-ulm.de\/wp-content\/uploads\/2020\/11\/Screenshot-525.png\" data-link=\"https:\/\/www.handball-ulm.de\/?attachment_id=5111\" class=\"wp-image-5111\" srcset=\"https:\/\/www.handball-ulm.de\/wp-content\/uploads\/2020\/11\/Screenshot-525.png 728w, https:\/\/www.handball-ulm.de\/wp-content\/uploads\/2020\/11\/Screenshot-525-300x300.png 300w, https:\/\/www.handball-ulm.de\/wp-content\/uploads\/2020\/11\/Screenshot-525-150x150.png 150w, https:\/\/www.handball-ulm.de\/wp-content\/uploads\/2020\/11\/Screenshot-525-600x600.png 600w\" sizes=\"(max-width: 728px) 100vw, 728px\" \/><\/figure><\/li><li class=\"blocks-gallery-item\"><figure><img loading=\"lazy\" decoding=\"async\" width=\"757\" height=\"757\" src=\"https:\/\/www.handball-ulm.de\/wp-content\/uploads\/2020\/11\/Screenshot-527.png\" alt=\"\" data-id=\"5109\" data-full-url=\"https:\/\/www.handball-ulm.de\/wp-content\/uploads\/2020\/11\/Screenshot-527.png\" data-link=\"https:\/\/www.handball-ulm.de\/?attachment_id=5109\" class=\"wp-image-5109\" srcset=\"https:\/\/www.handball-ulm.de\/wp-content\/uploads\/2020\/11\/Screenshot-527.png 757w, https:\/\/www.handball-ulm.de\/wp-content\/uploads\/2020\/11\/Screenshot-527-300x300.png 300w, https:\/\/www.handball-ulm.de\/wp-content\/uploads\/2020\/11\/Screenshot-527-150x150.png 150w, https:\/\/www.handball-ulm.de\/wp-content\/uploads\/2020\/11\/Screenshot-527-600x600.png 600w\" sizes=\"(max-width: 757px) 100vw, 757px\" \/><\/figure><\/li><\/ul><\/figure>\n\n\n\n<h2 class=\"has-very-dark-gray-color has-text-color wp-block-heading\"> Sch\u00f6n, dass Du da bist und an unserem R\u00e4tseladventskalender  teilnimmst!  Wir \u00f6ffnen t\u00e4glich ab dem 1.12.2020 ein T\u00fcrchen. <\/h2>\n\n\n\n<h2 class=\"has-very-dark-gray-color has-text-color wp-block-heading\">Wichtig ist, dass Du genau hinsiehst, denn nur so kannst Du das R\u00e4tsel am Ende l\u00f6sen. Du ben\u00f6tigst einen scharfen Blick, um zu erkennen, was der Hintergrund des R\u00e4tsels ist. Nimm zur Hilfe am besten Stift und   Papier und notiere Dir die <\/h2>\n\n\n\n<h2 class=\"has-vivid-red-color has-text-color has-text-align-center wp-block-heading\">Symbole. <\/h2>\n\n\n\n<h2 class=\"has-vivid-green-cyan-color has-text-color has-text-align-center wp-block-heading\">Sie helfen bei der L\u00f6sung.<\/h2>\n\n\n\n<h2 class=\"has-very-dark-gray-color has-text-color wp-block-heading\">Schau am besten  t\u00e4glich hier  vorbei. Dann  verpasst Du nichts ! <\/h2>\n\n\n\n<h2 class=\"has-very-dark-gray-color has-text-color wp-block-heading\">Damit es nicht zu  einfach wird, pass auf, es hat auch ein paar Nieten.  <\/h2>\n\n\n\n<h2 class=\"wp-block-heading\">Macht alle mit. Es gibt tolle Preise zu gewinnen!  Los geht\u2019s!   <\/h2>\n\n\n\n<h2 class=\"wp-block-heading\">Tipp  f\u00fcr Sp\u00e4teinsteiger: Frag Deine Freunde!   <\/h2>\n\n\n\n<figure class=\"wp-block-image size-large\"><img loading=\"lazy\" decoding=\"async\" width=\"1024\" height=\"384\" src=\"https:\/\/www.handball-ulm.de\/wp-content\/uploads\/2020\/11\/Screenshot-558-1024x384.png\" alt=\"\" class=\"wp-image-5218\" srcset=\"https:\/\/www.handball-ulm.de\/wp-content\/uploads\/2020\/11\/Screenshot-558-1024x384.png 1024w, https:\/\/www.handball-ulm.de\/wp-content\/uploads\/2020\/11\/Screenshot-558-300x112.png 300w, https:\/\/www.handball-ulm.de\/wp-content\/uploads\/2020\/11\/Screenshot-558-768x288.png 768w, https:\/\/www.handball-ulm.de\/wp-content\/uploads\/2020\/11\/Screenshot-558.png 1054w\" sizes=\"(max-width: 1024px) 100vw, 1024px\" \/><\/figure>\n\n\n\n<figure class=\"wp-block-table aligncenter\"><table class=\"\"><tbody><tr><td><a href=\"https:\/\/www.handball-ulm.de\/?page_id=4918\"><img loading=\"lazy\" decoding=\"async\" width=\"516\" height=\"629\" class=\"wp-image-5114\" style=\"width: 150px;\" src=\"https:\/\/www.handball-ulm.de\/wp-content\/uploads\/2020\/11\/Screenshot-542.png\" alt=\"\" srcset=\"https:\/\/www.handball-ulm.de\/wp-content\/uploads\/2020\/11\/Screenshot-542.png 516w, https:\/\/www.handball-ulm.de\/wp-content\/uploads\/2020\/11\/Screenshot-542-246x300.png 246w\" sizes=\"(max-width: 516px) 100vw, 516px\" \/><\/a><\/td><\/tr><\/tbody><\/table><\/figure>\n\n\n\n<h2 class=\"has-vivid-red-color has-text-color wp-block-heading\"> News vom Weihnachtsmann: <\/h2>\n\n\n\n<h2 class=\"has-vivid-red-color has-text-color wp-block-heading\">Schon heute brachte er uns Preise f\u00fcr  unseren&nbsp;Adventskalender.<\/h2>\n\n\n\n<h2 class=\"has-vivid-red-color has-text-color wp-block-heading\">10 Handb\u00e4lle und 10 SG &#8211; Tshirts sowie viele Trostpreise.&nbsp; <\/h2>\n\n\n\n<h2 class=\"has-vivid-red-color has-text-color wp-block-heading\">Macht alle mit. Am 24.12.2020 wird Euch der Weihnachtsmann das R\u00e4tsel stellen und seine Adresse durchgeben.&nbsp; <\/h2>\n\n\n\n<h2 class=\"has-vivid-red-color has-text-color wp-block-heading\">Einsendeschluss ist der 30.12.2020.\u00a0 <\/h2>\n\n\n\n<figure class=\"wp-block-gallery columns-2 is-cropped wp-block-gallery-2 is-layout-flex wp-block-gallery-is-layout-flex\"><ul class=\"blocks-gallery-grid\"><li class=\"blocks-gallery-item\"><figure><img loading=\"lazy\" decoding=\"async\" width=\"728\" height=\"728\" src=\"https:\/\/www.handball-ulm.de\/wp-content\/uploads\/2020\/11\/Screenshot-526.png\" alt=\"\" data-id=\"5110\" data-full-url=\"https:\/\/www.handball-ulm.de\/wp-content\/uploads\/2020\/11\/Screenshot-526.png\" data-link=\"https:\/\/www.handball-ulm.de\/?attachment_id=5110\" class=\"wp-image-5110\" srcset=\"https:\/\/www.handball-ulm.de\/wp-content\/uploads\/2020\/11\/Screenshot-526.png 728w, https:\/\/www.handball-ulm.de\/wp-content\/uploads\/2020\/11\/Screenshot-526-300x300.png 300w, https:\/\/www.handball-ulm.de\/wp-content\/uploads\/2020\/11\/Screenshot-526-150x150.png 150w, https:\/\/www.handball-ulm.de\/wp-content\/uploads\/2020\/11\/Screenshot-526-600x600.png 600w\" sizes=\"(max-width: 728px) 100vw, 728px\" \/><\/figure><\/li><li class=\"blocks-gallery-item\"><figure><img loading=\"lazy\" decoding=\"async\" width=\"737\" height=\"737\" src=\"https:\/\/www.handball-ulm.de\/wp-content\/uploads\/2020\/11\/Screenshot-524.png\" alt=\"\" data-id=\"5112\" data-full-url=\"https:\/\/www.handball-ulm.de\/wp-content\/uploads\/2020\/11\/Screenshot-524.png\" data-link=\"https:\/\/www.handball-ulm.de\/?attachment_id=5112\" class=\"wp-image-5112\" srcset=\"https:\/\/www.handball-ulm.de\/wp-content\/uploads\/2020\/11\/Screenshot-524.png 737w, https:\/\/www.handball-ulm.de\/wp-content\/uploads\/2020\/11\/Screenshot-524-300x300.png 300w, https:\/\/www.handball-ulm.de\/wp-content\/uploads\/2020\/11\/Screenshot-524-150x150.png 150w, https:\/\/www.handball-ulm.de\/wp-content\/uploads\/2020\/11\/Screenshot-524-600x600.png 600w\" sizes=\"(max-width: 737px) 100vw, 737px\" \/><\/figure><\/li><\/ul><\/figure>\n","protected":false},"excerpt":{"rendered":"<p>R\u00e4tseladventskalender<\/p>\n<br\/><br\/><a class=\"read-more\" href=\"https:\/\/www.handball-ulm.de\/?p=5107\"> Mehr lesen...<\/a>","protected":false},"author":10,"featured_media":5129,"comment_status":"closed","ping_status":"closed","sticky":false,"template":"","format":"standard","meta":{"ngg_post_thumbnail":0,"footnotes":""},"categories":[71,70,8,63],"tags":[],"_links":{"self":[{"href":"https:\/\/www.handball-ulm.de\/index.php?rest_route=\/wp\/v2\/posts\/5107"}],"collection":[{"href":"https:\/\/www.handball-ulm.de\/index.php?rest_route=\/wp\/v2\/posts"}],"about":[{"href":"https:\/\/www.handball-ulm.de\/index.php?rest_route=\/wp\/v2\/types\/post"}],"author":[{"embeddable":true,"href":"https:\/\/www.handball-ulm.de\/index.php?rest_route=\/wp\/v2\/users\/10"}],"replies":[{"embeddable":true,"href":"https:\/\/www.handball-ulm.de\/index.php?rest_route=%2Fwp%2Fv2%2Fcomments&post=5107"}],"version-history":[{"count":34,"href":"https:\/\/www.handball-ulm.de\/index.php?rest_route=\/wp\/v2\/posts\/5107\/revisions"}],"predecessor-version":[{"id":5341,"href":"https:\/\/www.handball-ulm.de\/index.php?rest_route=\/wp\/v2\/posts\/5107\/revisions\/5341"}],"wp:featuredmedia":[{"embeddable":true,"href":"https:\/\/www.handball-ulm.de\/index.php?rest_route=\/wp\/v2\/media\/5129"}],"wp:attachment":[{"href":"https:\/\/www.handball-ulm.de\/index.php?rest_route=%2Fwp%2Fv2%2Fmedia&parent=5107"}],"wp:term":[{"taxonomy":"category","embeddable":true,"href":"https:\/\/www.handball-ulm.de\/index.php?rest_route=%2Fwp%2Fv2%2Fcategories&post=5107"},{"taxonomy":"post_tag","embeddable":true,"href":"https:\/\/www.handball-ulm.de\/index.php?rest_route=%2Fwp%2Fv2%2Ftags&post=5107"}],"curies":[{"name":"wp","href":"https:\/\/api.w.org\/{rel}","templated":true}]}}