{"id":4858,"date":"2020-11-14T14:47:00","date_gmt":"2020-11-14T13:47:00","guid":{"rendered":"https:\/\/www.handball-ulm.de\/?p=4858"},"modified":"2020-11-21T14:54:36","modified_gmt":"2020-11-21T13:54:36","slug":"die-a-jugend-hilft-aktion-gelbe-saecke","status":"publish","type":"post","link":"https:\/\/www.handball-ulm.de\/?p=4858","title":{"rendered":"Die A-Jugend hilft &#8211; Aktion &#8222;Gelbe S\u00e4cke&#8220;"},"content":{"rendered":"\n<figure class=\"wp-block-image size-large\"><img loading=\"lazy\" decoding=\"async\" width=\"1024\" height=\"560\" src=\"https:\/\/www.handball-ulm.de\/wp-content\/uploads\/2020\/11\/WhatsApp-Image-2020-11-15-at-13.30.36-1024x560.jpeg\" alt=\"\" class=\"wp-image-4859\" srcset=\"https:\/\/www.handball-ulm.de\/wp-content\/uploads\/2020\/11\/WhatsApp-Image-2020-11-15-at-13.30.36-1024x560.jpeg 1024w, https:\/\/www.handball-ulm.de\/wp-content\/uploads\/2020\/11\/WhatsApp-Image-2020-11-15-at-13.30.36-300x164.jpeg 300w, https:\/\/www.handball-ulm.de\/wp-content\/uploads\/2020\/11\/WhatsApp-Image-2020-11-15-at-13.30.36-768x420.jpeg 768w, https:\/\/www.handball-ulm.de\/wp-content\/uploads\/2020\/11\/WhatsApp-Image-2020-11-15-at-13.30.36-1536x840.jpeg 1536w, https:\/\/www.handball-ulm.de\/wp-content\/uploads\/2020\/11\/WhatsApp-Image-2020-11-15-at-13.30.36-1170x640.jpeg 1170w, https:\/\/www.handball-ulm.de\/wp-content\/uploads\/2020\/11\/WhatsApp-Image-2020-11-15-at-13.30.36.jpeg 1579w\" sizes=\"(max-width: 1024px) 100vw, 1024px\" \/><\/figure>\n\n\n\n<pre class=\"wp-block-verse\"> <br>Am Samstag ist es wieder soweit, <br> die m\u00e4nnliche A Jugend war bereit.<br> Vier Paletten gelbe S\u00e4cke,<br> standen in der Garagenecke.<br> Neue Trainingsanz\u00fcge waren auch am Start<br> und los ging die wilde Zweierfahrt.<br> Auf sieben Autos aufgeteilt, <br> haben die Jungs S\u00e4cke ausgeteilt.<br> War der Wagen tiefer gelegt?<br> Vielleicht \u2026 &nbsp;wir haben es miterlebt. <br> Angekommen im Wohngebiet, <br> legten wir die S\u00e4cke auf einen Hieb.<br> Vor jede T\u00fcr und jedes Tor<br> Die Anzahl schrieben die Anwohner vor<br> In l\u00e4ndlicher Gegend angelangt, <br> kamen Pferde angerannt.<br> Die Pferde blieben nicht allzu lang stehen<br> unsere Fahrt konnte gleich weitergehen.<br> Die Ideen f\u00fcr unser Berichtgedicht<br> gehen uns aus und ebenso die Verteilerschicht. <br><\/pre>\n\n\n\n<p><\/p>\n\n\n\n<figure class=\"wp-block-gallery columns-3 is-cropped wp-block-gallery-1 is-layout-flex wp-block-gallery-is-layout-flex\"><ul class=\"blocks-gallery-grid\"><li class=\"blocks-gallery-item\"><figure><img loading=\"lazy\" decoding=\"async\" width=\"920\" height=\"810\" src=\"https:\/\/www.handball-ulm.de\/wp-content\/uploads\/2020\/11\/WhatsApp-Image-2020-11-09-at-17.54.393.jpeg\" alt=\"\" data-id=\"4862\" data-full-url=\"https:\/\/www.handball-ulm.de\/wp-content\/uploads\/2020\/11\/WhatsApp-Image-2020-11-09-at-17.54.393.jpeg\" data-link=\"https:\/\/www.handball-ulm.de\/?attachment_id=4862\" class=\"wp-image-4862\" srcset=\"https:\/\/www.handball-ulm.de\/wp-content\/uploads\/2020\/11\/WhatsApp-Image-2020-11-09-at-17.54.393.jpeg 920w, https:\/\/www.handball-ulm.de\/wp-content\/uploads\/2020\/11\/WhatsApp-Image-2020-11-09-at-17.54.393-300x264.jpeg 300w, https:\/\/www.handball-ulm.de\/wp-content\/uploads\/2020\/11\/WhatsApp-Image-2020-11-09-at-17.54.393-768x676.jpeg 768w\" sizes=\"(max-width: 920px) 100vw, 920px\" \/><\/figure><\/li><li class=\"blocks-gallery-item\"><figure><img loading=\"lazy\" decoding=\"async\" width=\"874\" height=\"947\" src=\"https:\/\/www.handball-ulm.de\/wp-content\/uploads\/2020\/11\/WhatsApp-Image-2020-11-09-at-17.54.392.jpeg\" alt=\"\" data-id=\"4863\" data-full-url=\"https:\/\/www.handball-ulm.de\/wp-content\/uploads\/2020\/11\/WhatsApp-Image-2020-11-09-at-17.54.392.jpeg\" data-link=\"https:\/\/www.handball-ulm.de\/?attachment_id=4863\" class=\"wp-image-4863\" srcset=\"https:\/\/www.handball-ulm.de\/wp-content\/uploads\/2020\/11\/WhatsApp-Image-2020-11-09-at-17.54.392.jpeg 874w, https:\/\/www.handball-ulm.de\/wp-content\/uploads\/2020\/11\/WhatsApp-Image-2020-11-09-at-17.54.392-277x300.jpeg 277w, https:\/\/www.handball-ulm.de\/wp-content\/uploads\/2020\/11\/WhatsApp-Image-2020-11-09-at-17.54.392-768x832.jpeg 768w\" sizes=\"(max-width: 874px) 100vw, 874px\" \/><\/figure><\/li><li class=\"blocks-gallery-item\"><figure><img loading=\"lazy\" decoding=\"async\" width=\"768\" height=\"1024\" src=\"https:\/\/www.handball-ulm.de\/wp-content\/uploads\/2020\/11\/WhatsApp-Image-2020-11-09-at-17.54.401-768x1024.jpeg\" alt=\"\" data-id=\"4864\" data-full-url=\"https:\/\/www.handball-ulm.de\/wp-content\/uploads\/2020\/11\/WhatsApp-Image-2020-11-09-at-17.54.401.jpeg\" data-link=\"https:\/\/www.handball-ulm.de\/?attachment_id=4864\" class=\"wp-image-4864\" srcset=\"https:\/\/www.handball-ulm.de\/wp-content\/uploads\/2020\/11\/WhatsApp-Image-2020-11-09-at-17.54.401-768x1024.jpeg 768w, https:\/\/www.handball-ulm.de\/wp-content\/uploads\/2020\/11\/WhatsApp-Image-2020-11-09-at-17.54.401-225x300.jpeg 225w, https:\/\/www.handball-ulm.de\/wp-content\/uploads\/2020\/11\/WhatsApp-Image-2020-11-09-at-17.54.401-1152x1536.jpeg 1152w, https:\/\/www.handball-ulm.de\/wp-content\/uploads\/2020\/11\/WhatsApp-Image-2020-11-09-at-17.54.401-1170x1560.jpeg 1170w, https:\/\/www.handball-ulm.de\/wp-content\/uploads\/2020\/11\/WhatsApp-Image-2020-11-09-at-17.54.401.jpeg 1200w\" sizes=\"(max-width: 768px) 100vw, 768px\" \/><\/figure><\/li><\/ul><\/figure>\n\n\n\n<figure class=\"wp-block-gallery columns-2 is-cropped wp-block-gallery-2 is-layout-flex wp-block-gallery-is-layout-flex\"><ul class=\"blocks-gallery-grid\"><li class=\"blocks-gallery-item\"><figure><img loading=\"lazy\" decoding=\"async\" width=\"471\" height=\"1024\" src=\"https:\/\/www.handball-ulm.de\/wp-content\/uploads\/2020\/11\/WhatsApp-Image-2020-11-14-at-23.26.07-471x1024.jpeg\" alt=\"\" data-id=\"4868\" data-full-url=\"https:\/\/www.handball-ulm.de\/wp-content\/uploads\/2020\/11\/WhatsApp-Image-2020-11-14-at-23.26.07.jpeg\" data-link=\"https:\/\/www.handball-ulm.de\/?attachment_id=4868\" class=\"wp-image-4868\" srcset=\"https:\/\/www.handball-ulm.de\/wp-content\/uploads\/2020\/11\/WhatsApp-Image-2020-11-14-at-23.26.07-471x1024.jpeg 471w, https:\/\/www.handball-ulm.de\/wp-content\/uploads\/2020\/11\/WhatsApp-Image-2020-11-14-at-23.26.07-138x300.jpeg 138w, https:\/\/www.handball-ulm.de\/wp-content\/uploads\/2020\/11\/WhatsApp-Image-2020-11-14-at-23.26.07-707x1536.jpeg 707w, https:\/\/www.handball-ulm.de\/wp-content\/uploads\/2020\/11\/WhatsApp-Image-2020-11-14-at-23.26.07.jpeg 736w\" sizes=\"(max-width: 471px) 100vw, 471px\" \/><\/figure><\/li><li class=\"blocks-gallery-item\"><figure><img loading=\"lazy\" decoding=\"async\" width=\"471\" height=\"1024\" src=\"https:\/\/www.handball-ulm.de\/wp-content\/uploads\/2020\/11\/WhatsApp-Image-2020-11-14-at-23.25.54-471x1024.jpeg\" alt=\"\" data-id=\"4869\" data-full-url=\"https:\/\/www.handball-ulm.de\/wp-content\/uploads\/2020\/11\/WhatsApp-Image-2020-11-14-at-23.25.54.jpeg\" data-link=\"https:\/\/www.handball-ulm.de\/?attachment_id=4869\" class=\"wp-image-4869\" srcset=\"https:\/\/www.handball-ulm.de\/wp-content\/uploads\/2020\/11\/WhatsApp-Image-2020-11-14-at-23.25.54-471x1024.jpeg 471w, https:\/\/www.handball-ulm.de\/wp-content\/uploads\/2020\/11\/WhatsApp-Image-2020-11-14-at-23.25.54-138x300.jpeg 138w, https:\/\/www.handball-ulm.de\/wp-content\/uploads\/2020\/11\/WhatsApp-Image-2020-11-14-at-23.25.54-707x1536.jpeg 707w, https:\/\/www.handball-ulm.de\/wp-content\/uploads\/2020\/11\/WhatsApp-Image-2020-11-14-at-23.25.54.jpeg 736w\" sizes=\"(max-width: 471px) 100vw, 471px\" \/><\/figure><\/li><\/ul><\/figure>\n\n\n\n<p><\/p>\n\n\n\n<p><\/p>\n","protected":false},"excerpt":{"rendered":"<p>Am Samstag ist es wieder soweit, die m\u00e4nnliche A Jugend war bereit. Vier Paletten gelbe S\u00e4cke, standen in der Garagenecke. Neue Trainingsanz\u00fcge waren auch am Start und los ging die wilde Zweierfahrt. Auf sieben Autos aufgeteilt, haben die Jungs S\u00e4cke ausgeteilt. War der Wagen tiefer gelegt? Vielleicht \u2026 &nbsp;wir haben es miterlebt. Angekommen im Wohngebiet, [&hellip;]<\/p>\n<br\/><br\/><a class=\"read-more\" href=\"https:\/\/www.handball-ulm.de\/?p=4858\"> Mehr lesen...<\/a>","protected":false},"author":10,"featured_media":4860,"comment_status":"closed","ping_status":"closed","sticky":false,"template":"","format":"standard","meta":{"ngg_post_thumbnail":0,"footnotes":""},"categories":[1,70,15,8],"tags":[],"_links":{"self":[{"href":"https:\/\/www.handball-ulm.de\/index.php?rest_route=\/wp\/v2\/posts\/4858"}],"collection":[{"href":"https:\/\/www.handball-ulm.de\/index.php?rest_route=\/wp\/v2\/posts"}],"about":[{"href":"https:\/\/www.handball-ulm.de\/index.php?rest_route=\/wp\/v2\/types\/post"}],"author":[{"embeddable":true,"href":"https:\/\/www.handball-ulm.de\/index.php?rest_route=\/wp\/v2\/users\/10"}],"replies":[{"embeddable":true,"href":"https:\/\/www.handball-ulm.de\/index.php?rest_route=%2Fwp%2Fv2%2Fcomments&post=4858"}],"version-history":[{"count":7,"href":"https:\/\/www.handball-ulm.de\/index.php?rest_route=\/wp\/v2\/posts\/4858\/revisions"}],"predecessor-version":[{"id":4872,"href":"https:\/\/www.handball-ulm.de\/index.php?rest_route=\/wp\/v2\/posts\/4858\/revisions\/4872"}],"wp:featuredmedia":[{"embeddable":true,"href":"https:\/\/www.handball-ulm.de\/index.php?rest_route=\/wp\/v2\/media\/4860"}],"wp:attachment":[{"href":"https:\/\/www.handball-ulm.de\/index.php?rest_route=%2Fwp%2Fv2%2Fmedia&parent=4858"}],"wp:term":[{"taxonomy":"category","embeddable":true,"href":"https:\/\/www.handball-ulm.de\/index.php?rest_route=%2Fwp%2Fv2%2Fcategories&post=4858"},{"taxonomy":"post_tag","embeddable":true,"href":"https:\/\/www.handball-ulm.de\/index.php?rest_route=%2Fwp%2Fv2%2Ftags&post=4858"}],"curies":[{"name":"wp","href":"https:\/\/api.w.org\/{rel}","templated":true}]}}