{"id":4733,"date":"2020-10-04T13:59:00","date_gmt":"2020-10-04T11:59:00","guid":{"rendered":"https:\/\/www.handball-ulm.de\/?p=4733"},"modified":"2020-11-01T14:05:49","modified_gmt":"2020-11-01T13:05:49","slug":"trainerbesprechung-auf-abstand-am-nationalfeiertag","status":"publish","type":"post","link":"https:\/\/www.handball-ulm.de\/?p=4733","title":{"rendered":"Trainerbesprechung auf Abstand am Nationalfeiertag"},"content":{"rendered":"\n<figure class=\"wp-block-image size-large\"><img loading=\"lazy\" decoding=\"async\" width=\"1024\" height=\"238\" src=\"https:\/\/www.handball-ulm.de\/wp-content\/uploads\/2020\/11\/Trainerbesprechun.-1024x238.jpg\" alt=\"\" class=\"wp-image-4734\" srcset=\"https:\/\/www.handball-ulm.de\/wp-content\/uploads\/2020\/11\/Trainerbesprechun.-1024x238.jpg 1024w, https:\/\/www.handball-ulm.de\/wp-content\/uploads\/2020\/11\/Trainerbesprechun.-300x70.jpg 300w, https:\/\/www.handball-ulm.de\/wp-content\/uploads\/2020\/11\/Trainerbesprechun.-768x178.jpg 768w, https:\/\/www.handball-ulm.de\/wp-content\/uploads\/2020\/11\/Trainerbesprechun.-1536x356.jpg 1536w, https:\/\/www.handball-ulm.de\/wp-content\/uploads\/2020\/11\/Trainerbesprechun.-2048x475.jpg 2048w, https:\/\/www.handball-ulm.de\/wp-content\/uploads\/2020\/11\/Trainerbesprechun.-1170x271.jpg 1170w\" sizes=\"(max-width: 1024px) 100vw, 1024px\" \/><\/figure>\n\n\n\n<p><strong>Stehend: <\/strong>Andi, Reiner, Sonja, Dan, Claudi, Phillip, Noah, Klumpi, Jonathan, Dinah, Pata, Susie, Alex, Erhard, Andi, Fisch <strong>Hocke: <\/strong>Johannes, Jana, Julia, Nina, Lilli, Pauli, Magda, Pauline, Naddl, Holgi, Osman, Isi, Flo, Anni, Sanne, Grazi, Ralf  <strong>Fehlend: <\/strong>Werner, Miha, Brigitte, Ronald, Metzger, Dietmar, Ewald, Charline, Timo, Thomas, Sylvi, Lotte, Corina, Simon, Franzi <\/p>\n\n\n\n<p><\/p>\n\n\n\n<p>Wie jedes Jahr zu Beginn der Meisterschaftsspiele trafen sich alle Trainer der SG Ulm &amp; Wiblingen. Selbstverst\u00e4ndlich griff auch bei diesem Treffen unser Hygienekonzept, denn sollte auch nur ein Trainer den Virus in sich haben, w\u00fcrden wir auf einen Schlag die ganze SG lahmlegen. Das wollten wir nicht. Deshalb trugen alle Maske, hielten Abstand und das gemeinsame Foto nahmen wir drau\u00dfen und mit L\u00fccken auf. Traditionell begannen wir mit einem guten Fr\u00fchst\u00fcck. Auch hier am Buffet erkl\u00e4rten sich zwei Trainerinnen bereit, mit Maske und Handschuhen die gew\u00fcnschten Sachen auf die Teller zu legen. <\/p>\n\n\n\n<figure class=\"wp-block-image size-large\"><img loading=\"lazy\" decoding=\"async\" width=\"886\" height=\"997\" src=\"https:\/\/www.handball-ulm.de\/wp-content\/uploads\/2020\/11\/Trainerbesprechung.jpg\" alt=\"\" class=\"wp-image-4735\" srcset=\"https:\/\/www.handball-ulm.de\/wp-content\/uploads\/2020\/11\/Trainerbesprechung.jpg 886w, https:\/\/www.handball-ulm.de\/wp-content\/uploads\/2020\/11\/Trainerbesprechung-267x300.jpg 267w, https:\/\/www.handball-ulm.de\/wp-content\/uploads\/2020\/11\/Trainerbesprechung-768x864.jpg 768w\" sizes=\"(max-width: 886px) 100vw, 886px\" \/><\/figure>\n\n\n\n<p>Als alle kauten, konnte es losgehen. Jugendleiterin Pauli er\u00f6ffnete und bedankte sich f\u00fcr das zahlreiche Erscheinen. Von 46 Trainern konnten immerhin 33 teilnehmen. Gl\u00fccklicherweise ist der Veranstaltungsraum beim TV Wiblingen gro\u00df genug. Ralf sorgte f\u00fcr Visualisierung per Beamer. \u00dcber die \u00fcblichen Themen bez\u00fcglich Organisation, R\u00fcckmeldungen, Trainerfortbildungen ging es nat\u00fcrlich auch zum leidigen Thema Hygienekonzept bei Training und Spieltagen. Unser Vorstand kann das Wort schon kaum noch h\u00f6ren, dennoch ist es wichtiger denn je. Bei der Vorstellung h\u00f6rten alle gespannt zu und es kamen Anregungen aus der Trainerriege. Besonders interessant fanden alle die Vorstellung der Event Tracer App zur Registrierung der Spieler und Zuschauer. <\/p>\n\n\n\n<p>24\nMannschaften, 46 Trainer und weitere zus\u00e4tzliche Mitarbeiter. So wollen wir die\nn\u00e4chste Zeit stemmen. Bei der Trainerfortbildung war klar. Wir schaffen das\nzusammen und wollen nach Corona wieder zusammen stark rauskommen.<\/p>\n\n\n\n<figure class=\"wp-block-image size-large\"><img loading=\"lazy\" decoding=\"async\" width=\"1024\" height=\"489\" src=\"https:\/\/www.handball-ulm.de\/wp-content\/uploads\/2020\/11\/Trainerbesprechung-2-1024x489.jpg\" alt=\"\" class=\"wp-image-4736\" srcset=\"https:\/\/www.handball-ulm.de\/wp-content\/uploads\/2020\/11\/Trainerbesprechung-2-1024x489.jpg 1024w, https:\/\/www.handball-ulm.de\/wp-content\/uploads\/2020\/11\/Trainerbesprechung-2-300x143.jpg 300w, https:\/\/www.handball-ulm.de\/wp-content\/uploads\/2020\/11\/Trainerbesprechung-2-768x367.jpg 768w, https:\/\/www.handball-ulm.de\/wp-content\/uploads\/2020\/11\/Trainerbesprechung-2-1536x733.jpg 1536w, https:\/\/www.handball-ulm.de\/wp-content\/uploads\/2020\/11\/Trainerbesprechung-2-2048x978.jpg 2048w, https:\/\/www.handball-ulm.de\/wp-content\/uploads\/2020\/11\/Trainerbesprechung-2-1170x559.jpg 1170w\" sizes=\"(max-width: 1024px) 100vw, 1024px\" \/><\/figure>\n","protected":false},"excerpt":{"rendered":"<p>Stehend: Andi, Reiner, Sonja, Dan, Claudi, Phillip, Noah, Klumpi, Jonathan, Dinah, Pata, Susie, Alex, Erhard, Andi, Fisch Hocke: Johannes, Jana, Julia, Nina, Lilli, Pauli, Magda, Pauline, Naddl, Holgi, Osman, Isi, Flo, Anni, Sanne, Grazi, Ralf Fehlend: Werner, Miha, Brigitte, Ronald, Metzger, Dietmar, Ewald, Charline, Timo, Thomas, Sylvi, Lotte, Corina, Simon, Franzi Wie jedes Jahr zu [&hellip;]<\/p>\n<br\/><br\/><a class=\"read-more\" href=\"https:\/\/www.handball-ulm.de\/?p=4733\"> Mehr lesen...<\/a>","protected":false},"author":10,"featured_media":4734,"comment_status":"closed","ping_status":"closed","sticky":false,"template":"","format":"standard","meta":{"ngg_post_thumbnail":0,"footnotes":""},"categories":[69,70,8,63],"tags":[],"_links":{"self":[{"href":"https:\/\/www.handball-ulm.de\/index.php?rest_route=\/wp\/v2\/posts\/4733"}],"collection":[{"href":"https:\/\/www.handball-ulm.de\/index.php?rest_route=\/wp\/v2\/posts"}],"about":[{"href":"https:\/\/www.handball-ulm.de\/index.php?rest_route=\/wp\/v2\/types\/post"}],"author":[{"embeddable":true,"href":"https:\/\/www.handball-ulm.de\/index.php?rest_route=\/wp\/v2\/users\/10"}],"replies":[{"embeddable":true,"href":"https:\/\/www.handball-ulm.de\/index.php?rest_route=%2Fwp%2Fv2%2Fcomments&post=4733"}],"version-history":[{"count":2,"href":"https:\/\/www.handball-ulm.de\/index.php?rest_route=\/wp\/v2\/posts\/4733\/revisions"}],"predecessor-version":[{"id":4738,"href":"https:\/\/www.handball-ulm.de\/index.php?rest_route=\/wp\/v2\/posts\/4733\/revisions\/4738"}],"wp:featuredmedia":[{"embeddable":true,"href":"https:\/\/www.handball-ulm.de\/index.php?rest_route=\/wp\/v2\/media\/4734"}],"wp:attachment":[{"href":"https:\/\/www.handball-ulm.de\/index.php?rest_route=%2Fwp%2Fv2%2Fmedia&parent=4733"}],"wp:term":[{"taxonomy":"category","embeddable":true,"href":"https:\/\/www.handball-ulm.de\/index.php?rest_route=%2Fwp%2Fv2%2Fcategories&post=4733"},{"taxonomy":"post_tag","embeddable":true,"href":"https:\/\/www.handball-ulm.de\/index.php?rest_route=%2Fwp%2Fv2%2Ftags&post=4733"}],"curies":[{"name":"wp","href":"https:\/\/api.w.org\/{rel}","templated":true}]}}