{"id":4625,"date":"2020-10-11T01:24:11","date_gmt":"2020-10-10T23:24:11","guid":{"rendered":"https:\/\/www.handball-ulm.de\/?p=4625"},"modified":"2020-10-11T09:17:26","modified_gmt":"2020-10-11T07:17:26","slug":"1-spieltag-nach-dem-lockdown","status":"publish","type":"post","link":"https:\/\/www.handball-ulm.de\/?p=4625","title":{"rendered":"1. Spieltag nach dem Lockdown"},"content":{"rendered":"\n<p>Der 1.  Spieltag ist geschafft. Er war etwas ganz Besonderes. Viele Monate ohne wirlich Handball. Jetzt d\u00fcrfen wir wieder. <strong>Jetzt k\u00f6nnen wir wieder. <\/strong>K\u00f6nnen wir?<\/p>\n\n\n\n<p><strong>Ja!<\/strong> Unser Hygienekonzept funktioniert. Alle Anwesenden in der Tannenplatzh\u00f6lle waren sehr diszipliniert. Einen gro\u00dfen Dank an die Macher der EVENT TRACER APP. Sie erleichtert uns einiges. <\/p>\n\n\n\n<figure class=\"wp-block-image size-large\"><img loading=\"lazy\" decoding=\"async\" width=\"1024\" height=\"768\" src=\"https:\/\/www.handball-ulm.de\/wp-content\/uploads\/2020\/10\/WhatsApp-Image-2020-10-10-at-18.30.36-1024x768.jpeg\" alt=\"\" class=\"wp-image-4632\" srcset=\"https:\/\/www.handball-ulm.de\/wp-content\/uploads\/2020\/10\/WhatsApp-Image-2020-10-10-at-18.30.36-1024x768.jpeg 1024w, https:\/\/www.handball-ulm.de\/wp-content\/uploads\/2020\/10\/WhatsApp-Image-2020-10-10-at-18.30.36-300x225.jpeg 300w, https:\/\/www.handball-ulm.de\/wp-content\/uploads\/2020\/10\/WhatsApp-Image-2020-10-10-at-18.30.36-768x576.jpeg 768w, https:\/\/www.handball-ulm.de\/wp-content\/uploads\/2020\/10\/WhatsApp-Image-2020-10-10-at-18.30.36-1536x1152.jpeg 1536w, https:\/\/www.handball-ulm.de\/wp-content\/uploads\/2020\/10\/WhatsApp-Image-2020-10-10-at-18.30.36-1170x878.jpeg 1170w, https:\/\/www.handball-ulm.de\/wp-content\/uploads\/2020\/10\/WhatsApp-Image-2020-10-10-at-18.30.36.jpeg 1600w\" sizes=\"(max-width: 1024px) 100vw, 1024px\" \/><\/figure>\n\n\n\n<p>Ein noch gr\u00f6\u00dferer Dank an die Organisatoren der SG, ohne die die Spieltage gar nicht m\u00f6glich w\u00e4ren. Danke Klumpi f\u00fcr jedes noch so kleine Detail. Danke lieber Vorstand Claudi und Sonja, Pauli. Danke an die Helfer am heutigen Tag.<\/p>\n\n\n\n<p>Es lief wirklich reibungslos. Ein paar kleine Optimierungen. Die SG Ulm &amp; Wiblingen ist bereit. <\/p>\n\n\n\n<p>Und weil es so gut l\u00e4uft, war die SG Ulm &amp; Wiblingen auch noch erfolgreich. \u00c4u\u00dferst erfolgreich.  Es gewinnen alle Mannschaften der SG.                                                                         <\/p>\n\n\n\n<figure class=\"wp-block-image size-large\"><img loading=\"lazy\" decoding=\"async\" width=\"1024\" height=\"764\" src=\"https:\/\/www.handball-ulm.de\/wp-content\/uploads\/2020\/10\/WhatsApp-Image-2020-10-10-at-15.10.49-1024x764.jpeg\" alt=\"\" class=\"wp-image-4631\" srcset=\"https:\/\/www.handball-ulm.de\/wp-content\/uploads\/2020\/10\/WhatsApp-Image-2020-10-10-at-15.10.49-1024x764.jpeg 1024w, https:\/\/www.handball-ulm.de\/wp-content\/uploads\/2020\/10\/WhatsApp-Image-2020-10-10-at-15.10.49-300x224.jpeg 300w, https:\/\/www.handball-ulm.de\/wp-content\/uploads\/2020\/10\/WhatsApp-Image-2020-10-10-at-15.10.49-768x573.jpeg 768w, https:\/\/www.handball-ulm.de\/wp-content\/uploads\/2020\/10\/WhatsApp-Image-2020-10-10-at-15.10.49-1536x1146.jpeg 1536w, https:\/\/www.handball-ulm.de\/wp-content\/uploads\/2020\/10\/WhatsApp-Image-2020-10-10-at-15.10.49-1170x873.jpeg 1170w, https:\/\/www.handball-ulm.de\/wp-content\/uploads\/2020\/10\/WhatsApp-Image-2020-10-10-at-15.10.49.jpeg 1600w\" sizes=\"(max-width: 1024px) 100vw, 1024px\" \/><\/figure>\n\n\n\n<p>gD1 &#8211; Blaustein 47:11 <\/p>\n\n\n\n<p>wD2 &#8211; Lonsee 21:7                                                                                                                    <\/p>\n\n\n\n<p>wC2 &#8211; Gerhausen 22:20                                                                                                             <\/p>\n\n\n\n<p>mC1 &#8211; Laichingen 32:29                                                                                                                                                                                              <\/p>\n\n\n\n<p>Nur die m\u00e4nnliche A-Jugend hat gepatzt. Sie f\u00fchren bis zur 21 min mit 7 Toren und erweitern sogar in Minute 34 auf 8 Tore und verlieren am Ende das Spiel mit 2 Toren. Bei einer solchern F\u00fchrung ist auch der Einsatz des Krankenwagens f\u00fcr Seba keine Ausrede mehr. Wir w\u00fcnschen unserem R\u00fcckraumshooter auf diesem Wege gute Besserung.      <\/p>\n\n\n\n<figure class=\"wp-block-video\"><video controls src=\"https:\/\/www.handball-ulm.de\/wp-content\/uploads\/2020\/10\/WhatsApp-Video-2020-10-10-at-19.36.33.mp4\"><\/video><\/figure>\n\n\n\n<p> Aber auch unsere M\u00e4nner1 greifen sofort an und siegen gegen Saulgau mit  35:19. Ein temporeiches Spiel begeisterte die lange auf Handballentzug  lebenden Zuschauer. <\/p>\n\n\n\n<figure class=\"wp-block-video\"><video controls src=\"https:\/\/www.handball-ulm.de\/wp-content\/uploads\/2020\/10\/WhatsApp-Video-2020-10-11-at-01.16.57.mp4\"><\/video><\/figure>\n\n\n\n<p>Das Hallenheft wird erst n\u00e4chstes Wochenende ausliegen (Kleiner Insider), aber diesen Schmerz verkraften die meisten.<\/p>\n\n\n\n<p>Besonders begeisterte heute die 2. weibliche C-Jugend, eine Mannschaft aus Anf\u00e4ngerinnen und Spielerinnen der weiblichen D-Jugend. Alle inklusive der beiden Trainerinnen waren super nerv\u00f6s, Der Start begann holprig. Noch dazu fehlte der eingeteilte Schiri, aber Andi M\u00fcller sprang ein und l\u00f6st die Aufgabe ordentlich. Das Spiel war spannend. Die Gerhausener M\u00e4dchen wollten sich nicht geschlagen geben und k\u00e4mpften und machten viele sch\u00f6ne Tore.  Mehr Tore jedoch warfen die Ulmer M\u00e4dchen. Allen voran Lourdes und Sanne. Allen Anwesenden machte das Zuschauen gro\u00dfen Spa\u00df. Der Endstand 22:20 ist absolut gerechtfertigt. <\/p>\n\n\n\n<figure class=\"wp-block-image size-large\"><img loading=\"lazy\" decoding=\"async\" width=\"1024\" height=\"682\" src=\"https:\/\/www.handball-ulm.de\/wp-content\/uploads\/2020\/10\/WhatsApp-Image-2020-10-10-at-22.52.58-1024x682.jpeg\" alt=\"\" class=\"wp-image-4628\" srcset=\"https:\/\/www.handball-ulm.de\/wp-content\/uploads\/2020\/10\/WhatsApp-Image-2020-10-10-at-22.52.58-1024x682.jpeg 1024w, https:\/\/www.handball-ulm.de\/wp-content\/uploads\/2020\/10\/WhatsApp-Image-2020-10-10-at-22.52.58-300x200.jpeg 300w, https:\/\/www.handball-ulm.de\/wp-content\/uploads\/2020\/10\/WhatsApp-Image-2020-10-10-at-22.52.58-768x512.jpeg 768w, https:\/\/www.handball-ulm.de\/wp-content\/uploads\/2020\/10\/WhatsApp-Image-2020-10-10-at-22.52.58-600x400.jpeg 600w, https:\/\/www.handball-ulm.de\/wp-content\/uploads\/2020\/10\/WhatsApp-Image-2020-10-10-at-22.52.58-1536x1023.jpeg 1536w, https:\/\/www.handball-ulm.de\/wp-content\/uploads\/2020\/10\/WhatsApp-Image-2020-10-10-at-22.52.58-1170x780.jpeg 1170w, https:\/\/www.handball-ulm.de\/wp-content\/uploads\/2020\/10\/WhatsApp-Image-2020-10-10-at-22.52.58.jpeg 1600w\" sizes=\"(max-width: 1024px) 100vw, 1024px\" \/><\/figure>\n\n\n\n<p><\/p>\n\n\n\n<p><\/p>\n\n\n\n<p><\/p>\n\n\n\n<p><\/p>\n\n\n\n<p><\/p>\n","protected":false},"excerpt":{"rendered":"<p>Der 1. Spieltag ist geschafft. Er war etwas ganz Besonderes. Viele Monate ohne wirlich Handball. Jetzt d\u00fcrfen wir wieder. Jetzt k\u00f6nnen wir wieder. K\u00f6nnen wir? Ja! Unser Hygienekonzept funktioniert. Alle Anwesenden in der Tannenplatzh\u00f6lle waren sehr diszipliniert. Einen gro\u00dfen Dank an die Macher der EVENT TRACER APP. Sie erleichtert uns einiges. Ein noch gr\u00f6\u00dferer Dank [&hellip;]<\/p>\n<br\/><br\/><a class=\"read-more\" href=\"https:\/\/www.handball-ulm.de\/?p=4625\"> Mehr lesen...<\/a>","protected":false},"author":10,"featured_media":4634,"comment_status":"closed","ping_status":"closed","sticky":false,"template":"","format":"standard","meta":{"ngg_post_thumbnail":0,"footnotes":""},"categories":[1,70,8,63,20],"tags":[],"_links":{"self":[{"href":"https:\/\/www.handball-ulm.de\/index.php?rest_route=\/wp\/v2\/posts\/4625"}],"collection":[{"href":"https:\/\/www.handball-ulm.de\/index.php?rest_route=\/wp\/v2\/posts"}],"about":[{"href":"https:\/\/www.handball-ulm.de\/index.php?rest_route=\/wp\/v2\/types\/post"}],"author":[{"embeddable":true,"href":"https:\/\/www.handball-ulm.de\/index.php?rest_route=\/wp\/v2\/users\/10"}],"replies":[{"embeddable":true,"href":"https:\/\/www.handball-ulm.de\/index.php?rest_route=%2Fwp%2Fv2%2Fcomments&post=4625"}],"version-history":[{"count":5,"href":"https:\/\/www.handball-ulm.de\/index.php?rest_route=\/wp\/v2\/posts\/4625\/revisions"}],"predecessor-version":[{"id":4637,"href":"https:\/\/www.handball-ulm.de\/index.php?rest_route=\/wp\/v2\/posts\/4625\/revisions\/4637"}],"wp:featuredmedia":[{"embeddable":true,"href":"https:\/\/www.handball-ulm.de\/index.php?rest_route=\/wp\/v2\/media\/4634"}],"wp:attachment":[{"href":"https:\/\/www.handball-ulm.de\/index.php?rest_route=%2Fwp%2Fv2%2Fmedia&parent=4625"}],"wp:term":[{"taxonomy":"category","embeddable":true,"href":"https:\/\/www.handball-ulm.de\/index.php?rest_route=%2Fwp%2Fv2%2Fcategories&post=4625"},{"taxonomy":"post_tag","embeddable":true,"href":"https:\/\/www.handball-ulm.de\/index.php?rest_route=%2Fwp%2Fv2%2Ftags&post=4625"}],"curies":[{"name":"wp","href":"https:\/\/api.w.org\/{rel}","templated":true}]}}