{"id":4598,"date":"2019-09-22T22:51:00","date_gmt":"2019-09-22T20:51:00","guid":{"rendered":"https:\/\/www.handball-ulm.de\/?p=4598"},"modified":"2020-09-22T22:51:51","modified_gmt":"2020-09-22T20:51:51","slug":"mini-minis-saison-bericht-2019-20","status":"publish","type":"post","link":"https:\/\/www.handball-ulm.de\/?p=4598","title":{"rendered":"Mini Minis: Saison Bericht 2019\/20"},"content":{"rendered":"<p>Im April \u00fcbernahmen wir, Corinna und Nina, die Ballspielgruppe der Miniminis Ulm. Jeden Freitag in der Weststadthalle vermitteln wir ab 16.30 Uhr den 3- und 4j\u00e4hrigen Kindern f\u00fcr eine Stunde mit verschiedenen Ball\u00fcbungen (Softb\u00e4lle, Tennisb\u00e4lle, Wasserb\u00e4lle, Handb\u00e4lle) erst einmal das Gef\u00fchl f\u00fcr den Ball. Bei einfachen Spielen, die viele von Kindergeburtstagen kennen, haben wir viel Spa\u00df am Bewegen und Laufen. Sehr beliebt sind auch die Turnstationen und das Trambolin. Wir freuen uns auf jedes Training und hoffen, die Begeisterung f\u00fcr unseren Mannschaftssport an unsere Kleinsten weitergeben zu k\u00f6nnen.<\/p>\n","protected":false},"excerpt":{"rendered":"<p>Im April \u00fcbernahmen wir, Corinna und Nina, die Ballspielgruppe der Miniminis Ulm. Jeden Freitag in der Weststadthalle vermitteln wir ab 16.30 Uhr den 3- und 4j\u00e4hrigen Kindern f\u00fcr eine Stunde mit verschiedenen Ball\u00fcbungen (Softb\u00e4lle, Tennisb\u00e4lle, Wasserb\u00e4lle, Handb\u00e4lle) erst einmal das Gef\u00fchl f\u00fcr den Ball. Bei einfachen Spielen, die viele von Kindergeburtstagen kennen, haben wir viel [&hellip;]<\/p>\n<br\/><br\/><a class=\"read-more\" href=\"https:\/\/www.handball-ulm.de\/?p=4598\"> Mehr lesen...<\/a>","protected":false},"author":1,"featured_media":0,"comment_status":"closed","ping_status":"closed","sticky":false,"template":"","format":"standard","meta":{"ngg_post_thumbnail":0,"footnotes":""},"categories":[31],"tags":[],"_links":{"self":[{"href":"https:\/\/www.handball-ulm.de\/index.php?rest_route=\/wp\/v2\/posts\/4598"}],"collection":[{"href":"https:\/\/www.handball-ulm.de\/index.php?rest_route=\/wp\/v2\/posts"}],"about":[{"href":"https:\/\/www.handball-ulm.de\/index.php?rest_route=\/wp\/v2\/types\/post"}],"author":[{"embeddable":true,"href":"https:\/\/www.handball-ulm.de\/index.php?rest_route=\/wp\/v2\/users\/1"}],"replies":[{"embeddable":true,"href":"https:\/\/www.handball-ulm.de\/index.php?rest_route=%2Fwp%2Fv2%2Fcomments&post=4598"}],"version-history":[{"count":1,"href":"https:\/\/www.handball-ulm.de\/index.php?rest_route=\/wp\/v2\/posts\/4598\/revisions"}],"predecessor-version":[{"id":4599,"href":"https:\/\/www.handball-ulm.de\/index.php?rest_route=\/wp\/v2\/posts\/4598\/revisions\/4599"}],"wp:attachment":[{"href":"https:\/\/www.handball-ulm.de\/index.php?rest_route=%2Fwp%2Fv2%2Fmedia&parent=4598"}],"wp:term":[{"taxonomy":"category","embeddable":true,"href":"https:\/\/www.handball-ulm.de\/index.php?rest_route=%2Fwp%2Fv2%2Fcategories&post=4598"},{"taxonomy":"post_tag","embeddable":true,"href":"https:\/\/www.handball-ulm.de\/index.php?rest_route=%2Fwp%2Fv2%2Ftags&post=4598"}],"curies":[{"name":"wp","href":"https:\/\/api.w.org\/{rel}","templated":true}]}}