{"id":4570,"date":"2019-09-22T22:21:00","date_gmt":"2019-09-22T20:21:00","guid":{"rendered":"https:\/\/www.handball-ulm.de\/?p=4570"},"modified":"2020-09-22T22:22:13","modified_gmt":"2020-09-22T20:22:13","slug":"minis-ulm-saison-bericht-2019-20","status":"publish","type":"post","link":"https:\/\/www.handball-ulm.de\/?p=4570","title":{"rendered":"Minis Ulm: Saison Bericht 2019\/20"},"content":{"rendered":"<p>In die Saison 2019\/2020 starten wir jetzt mit einer Mini-Mannschaft Ulm, nachdem viele unserer Kinder aus dem Alter der Ballspielgruppe der Miniminis Ulm herausgewachsen sind. Unsere 5- bis 6j\u00e4hrigen Kinder bringen bereits viele handballerische F\u00e4higkeiten mit, so dass unser Training jetzt u.a. in dem Zusammenspiel bei Aufs\u00e4tzerball, K\u00f6nigsball, Mattenball und Handball liegt. Erste Erfahrungen konnten wir vor den Sommerferien im gemeinsamen Spiel mit der F-Jugend beim Training, auf dem Turnier in Brenz und auf dem Schw\u00f6rsporttag auf der G\u00e4nswiese machen. F\u00fcr unsere Minis waren diese ersten gemeinsamen Spiele ein absolutes Highlight, zumal wir Ulmer im Mannschaftswettbewerb sehr gute Ergebnisse abgeliefert haben. Wir freuen uns bereits auf die kommende Saison.<\/p>\n","protected":false},"excerpt":{"rendered":"<p>In die Saison 2019\/2020 starten wir jetzt mit einer Mini-Mannschaft Ulm, nachdem viele unserer Kinder aus dem Alter der Ballspielgruppe der Miniminis Ulm herausgewachsen sind. Unsere 5- bis 6j\u00e4hrigen Kinder bringen bereits viele handballerische F\u00e4higkeiten mit, so dass unser Training jetzt u.a. in dem Zusammenspiel bei Aufs\u00e4tzerball, K\u00f6nigsball, Mattenball und Handball liegt. Erste Erfahrungen konnten [&hellip;]<\/p>\n<br\/><br\/><a class=\"read-more\" href=\"https:\/\/www.handball-ulm.de\/?p=4570\"> Mehr lesen...<\/a>","protected":false},"author":1,"featured_media":0,"comment_status":"closed","ping_status":"closed","sticky":false,"template":"","format":"standard","meta":{"ngg_post_thumbnail":0,"footnotes":""},"categories":[29],"tags":[],"_links":{"self":[{"href":"https:\/\/www.handball-ulm.de\/index.php?rest_route=\/wp\/v2\/posts\/4570"}],"collection":[{"href":"https:\/\/www.handball-ulm.de\/index.php?rest_route=\/wp\/v2\/posts"}],"about":[{"href":"https:\/\/www.handball-ulm.de\/index.php?rest_route=\/wp\/v2\/types\/post"}],"author":[{"embeddable":true,"href":"https:\/\/www.handball-ulm.de\/index.php?rest_route=\/wp\/v2\/users\/1"}],"replies":[{"embeddable":true,"href":"https:\/\/www.handball-ulm.de\/index.php?rest_route=%2Fwp%2Fv2%2Fcomments&post=4570"}],"version-history":[{"count":1,"href":"https:\/\/www.handball-ulm.de\/index.php?rest_route=\/wp\/v2\/posts\/4570\/revisions"}],"predecessor-version":[{"id":4572,"href":"https:\/\/www.handball-ulm.de\/index.php?rest_route=\/wp\/v2\/posts\/4570\/revisions\/4572"}],"wp:attachment":[{"href":"https:\/\/www.handball-ulm.de\/index.php?rest_route=%2Fwp%2Fv2%2Fmedia&parent=4570"}],"wp:term":[{"taxonomy":"category","embeddable":true,"href":"https:\/\/www.handball-ulm.de\/index.php?rest_route=%2Fwp%2Fv2%2Fcategories&post=4570"},{"taxonomy":"post_tag","embeddable":true,"href":"https:\/\/www.handball-ulm.de\/index.php?rest_route=%2Fwp%2Fv2%2Ftags&post=4570"}],"curies":[{"name":"wp","href":"https:\/\/api.w.org\/{rel}","templated":true}]}}