{"id":4518,"date":"2020-09-21T00:09:31","date_gmt":"2020-09-20T22:09:31","guid":{"rendered":"https:\/\/www.handball-ulm.de\/?p=4518"},"modified":"2020-09-21T00:09:32","modified_gmt":"2020-09-20T22:09:32","slug":"gemischt-e-wiblingen-saison-bericht-2020-21","status":"publish","type":"post","link":"https:\/\/www.handball-ulm.de\/?p=4518","title":{"rendered":"Gemischt E Wiblingen: Saison Bericht 2020\/21"},"content":{"rendered":"<p class=\"western\" lang=\"de-DE\">Nach dem versp\u00e4teten Saisonstart freuen sich alle, wieder Handball spielen zu d\u00fcrfen. Das Training verlief deswegen \u00fcberwiegend gut und hat Spa\u00df gemacht. F\u00fcr uns zwei Trainer ist es das erste Mal, dass wir die E-Jugend trainieren d\u00fcrfen. Wir wollen mit maximalem Spa\u00df die n\u00f6tige Disziplin im Training erreichen, damit unsere Kinder m\u00f6glichst viel lernen. Unsere Spieltage werden im 4+1 System stattfinden, so kommen alle Kinder zu Erfolgen.<\/p>\n<p class=\"western\" lang=\"de-DE\">Au\u00dferdem sind wir \u00fcber jeden Neuzugang sehr erfreut und hoffen das Beste f\u00fcr die Saison 20\/21.<\/p>\n<p class=\"western\" lang=\"de-DE\">Flo und Pata<\/p>\n","protected":false},"excerpt":{"rendered":"<p>Nach dem versp\u00e4teten Saisonstart freuen sich alle, wieder Handball spielen zu d\u00fcrfen. Das Training verlief deswegen \u00fcberwiegend gut und hat Spa\u00df gemacht. F\u00fcr uns zwei Trainer ist es das erste Mal, dass wir die E-Jugend trainieren d\u00fcrfen. Wir wollen mit maximalem Spa\u00df die n\u00f6tige Disziplin im Training erreichen, damit unsere Kinder m\u00f6glichst viel lernen. Unsere [&hellip;]<\/p>\n<br\/><br\/><a class=\"read-more\" href=\"https:\/\/www.handball-ulm.de\/?p=4518\"> Mehr lesen...<\/a>","protected":false},"author":1,"featured_media":0,"comment_status":"closed","ping_status":"closed","sticky":false,"template":"","format":"standard","meta":{"ngg_post_thumbnail":0,"footnotes":""},"categories":[26],"tags":[],"_links":{"self":[{"href":"https:\/\/www.handball-ulm.de\/index.php?rest_route=\/wp\/v2\/posts\/4518"}],"collection":[{"href":"https:\/\/www.handball-ulm.de\/index.php?rest_route=\/wp\/v2\/posts"}],"about":[{"href":"https:\/\/www.handball-ulm.de\/index.php?rest_route=\/wp\/v2\/types\/post"}],"author":[{"embeddable":true,"href":"https:\/\/www.handball-ulm.de\/index.php?rest_route=\/wp\/v2\/users\/1"}],"replies":[{"embeddable":true,"href":"https:\/\/www.handball-ulm.de\/index.php?rest_route=%2Fwp%2Fv2%2Fcomments&post=4518"}],"version-history":[{"count":1,"href":"https:\/\/www.handball-ulm.de\/index.php?rest_route=\/wp\/v2\/posts\/4518\/revisions"}],"predecessor-version":[{"id":4519,"href":"https:\/\/www.handball-ulm.de\/index.php?rest_route=\/wp\/v2\/posts\/4518\/revisions\/4519"}],"wp:attachment":[{"href":"https:\/\/www.handball-ulm.de\/index.php?rest_route=%2Fwp%2Fv2%2Fmedia&parent=4518"}],"wp:term":[{"taxonomy":"category","embeddable":true,"href":"https:\/\/www.handball-ulm.de\/index.php?rest_route=%2Fwp%2Fv2%2Fcategories&post=4518"},{"taxonomy":"post_tag","embeddable":true,"href":"https:\/\/www.handball-ulm.de\/index.php?rest_route=%2Fwp%2Fv2%2Ftags&post=4518"}],"curies":[{"name":"wp","href":"https:\/\/api.w.org\/{rel}","templated":true}]}}