{"id":4511,"date":"2019-09-20T23:46:00","date_gmt":"2019-09-20T21:46:00","guid":{"rendered":"https:\/\/www.handball-ulm.de\/?p=4511"},"modified":"2020-09-20T23:51:39","modified_gmt":"2020-09-20T21:51:39","slug":"gemischt-f-wiblingen-saison-bericht-2019-20","status":"publish","type":"post","link":"https:\/\/www.handball-ulm.de\/?p=4511","title":{"rendered":"Gemischt E Wiblingen: Saison Bericht 2019\/20"},"content":{"rendered":"<p><strong>R\u00fcckblick auf die vergangen Saison<br \/>\n<\/strong><br \/>\nDie letzte Saison der gemischten E-Jugend aus Wiblingen gestaltete sich als sehr angenehm. Die Kinder zeigten Begeisterung am Handball und das war auch auf dem Feld zu sehen. An den Spieltagen gaben alle ihr Bestes. Trotz einiger Niederlagen verlie\u00df die Kinder nie der Mut und es wurde bis zur letzten Minute gek\u00e4mpft. Im Training jedoch schwankte die Zahl der Anwesenden. So war das Training am Dienstag meist reichlich besucht, hingegen das Training am Freitag wurde von deutlich weniger Kindern wahrgenommen. Trotzdem versuchten wir das Beste daraus zu machen und aus den Kindern alles rauszuholen. Das Klima in der Mannschaft ist gr\u00f6\u00dftenteils angenehm, ab und habe es jedoch kleine Streitigkeiten, welche aber gel\u00f6st werden konnten. Wir bedanken uns recht herzlich bei den beteiligten Kindern und den Eltern f\u00fcr eine so sch\u00f6ne Saison.<\/p>\n<p><strong>Vorausblick auf die kommende Season<\/strong><\/p>\n<p>Auf die kommende Saison blicken wir gespannt. So schauen wir zwar auf eine tolle Saison zur\u00fcck, aber seit dem Wechsel hat sich viel getan. Die Anzahl der Kinder ist erheblich angestiegen. Die Quali war sehr durchwachsen und es muss noch viel getan werden, um aus dem Wilden Haufen eine Handballmannschaft zu formen. Doch all das sollte zu schaffen sein, vor allem durch die Unterst\u00fctzung, die wir durch den Verein erhalten. Die Problematik mit der schwankenden Trainingsbeteiligung begleitet uns weiterhin. Auch ist die Motivation auf Turniere zu fahren, ist nicht sehr hoch, weshalb wir diese bisher immer absagen mussten. Wir glauben jedoch, all das bew\u00e4ltigen zu k\u00f6nnen und freuen uns auf die kommende Saison, in welcher hoffentlich auch alle Kinder Lust haben Handball zu spielen und wir bei den Spieltagen zeigen k\u00f6nnen, was wir drauf haben.<\/p>\n","protected":false},"excerpt":{"rendered":"<p>R\u00fcckblick auf die vergangen Saison Die letzte Saison der gemischten E-Jugend aus Wiblingen gestaltete sich als sehr angenehm. Die Kinder zeigten Begeisterung am Handball und das war auch auf dem Feld zu sehen. An den Spieltagen gaben alle ihr Bestes. Trotz einiger Niederlagen verlie\u00df die Kinder nie der Mut und es wurde bis zur letzten [&hellip;]<\/p>\n<br\/><br\/><a class=\"read-more\" href=\"https:\/\/www.handball-ulm.de\/?p=4511\"> Mehr lesen...<\/a>","protected":false},"author":1,"featured_media":0,"comment_status":"closed","ping_status":"closed","sticky":false,"template":"","format":"standard","meta":{"ngg_post_thumbnail":0,"footnotes":""},"categories":[26],"tags":[],"_links":{"self":[{"href":"https:\/\/www.handball-ulm.de\/index.php?rest_route=\/wp\/v2\/posts\/4511"}],"collection":[{"href":"https:\/\/www.handball-ulm.de\/index.php?rest_route=\/wp\/v2\/posts"}],"about":[{"href":"https:\/\/www.handball-ulm.de\/index.php?rest_route=\/wp\/v2\/types\/post"}],"author":[{"embeddable":true,"href":"https:\/\/www.handball-ulm.de\/index.php?rest_route=\/wp\/v2\/users\/1"}],"replies":[{"embeddable":true,"href":"https:\/\/www.handball-ulm.de\/index.php?rest_route=%2Fwp%2Fv2%2Fcomments&post=4511"}],"version-history":[{"count":2,"href":"https:\/\/www.handball-ulm.de\/index.php?rest_route=\/wp\/v2\/posts\/4511\/revisions"}],"predecessor-version":[{"id":4517,"href":"https:\/\/www.handball-ulm.de\/index.php?rest_route=\/wp\/v2\/posts\/4511\/revisions\/4517"}],"wp:attachment":[{"href":"https:\/\/www.handball-ulm.de\/index.php?rest_route=%2Fwp%2Fv2%2Fmedia&parent=4511"}],"wp:term":[{"taxonomy":"category","embeddable":true,"href":"https:\/\/www.handball-ulm.de\/index.php?rest_route=%2Fwp%2Fv2%2Fcategories&post=4511"},{"taxonomy":"post_tag","embeddable":true,"href":"https:\/\/www.handball-ulm.de\/index.php?rest_route=%2Fwp%2Fv2%2Ftags&post=4511"}],"curies":[{"name":"wp","href":"https:\/\/api.w.org\/{rel}","templated":true}]}}