{"id":4502,"date":"2019-09-20T23:32:00","date_gmt":"2019-09-20T21:32:00","guid":{"rendered":"https:\/\/www.handball-ulm.de\/?p=4502"},"modified":"2020-09-20T23:32:53","modified_gmt":"2020-09-20T21:32:53","slug":"gemischt-e-ulm-saison-bericht-2019-20","status":"publish","type":"post","link":"https:\/\/www.handball-ulm.de\/?p=4502","title":{"rendered":"Gemischt E Ulm: Saison Bericht 2019\/20"},"content":{"rendered":"<p>Die gemischte E-Jugend Ulm hat die letzte Saison gut abgeschlossen. Bei der Talentiade wurden&nbsp;drei Spieler in die Bezirksauswahl gesichtet.<\/p>\n<p>Unsere Mannschaft w\u00e4chst so schnell, dass sich die Trainer und Jugendleitung dazu entschlossen, zwei Mannschaften zu melden. Der \u00e4ltere Jahrgang wird im 6+1 System spielen, w\u00e4hrend die j\u00fcngeren Spieler im 4+1 Spiel ihr K\u00f6nnen beweisen.<\/p>\n<p>Aktuell sind wir 19 Spieler, Tendenz steigend. Und das ist gut so f\u00fcr uns und f\u00fcr die SG.<\/p>\n<p>Als Team konnten wir uns schon beweisen beim Beach Handball Turnier in Friedrichshafen, das wir als 2ter beendeten und beim Turnier in Brenz wurden wir 3ter. Beim Eitlecup werden wir auch erfolgreich sein.<\/p>\n<p>Wir freuen uns auf die kommende Saison.<\/p>\n","protected":false},"excerpt":{"rendered":"<p>Die gemischte E-Jugend Ulm hat die letzte Saison gut abgeschlossen. Bei der Talentiade wurden&nbsp;drei Spieler in die Bezirksauswahl gesichtet. Unsere Mannschaft w\u00e4chst so schnell, dass sich die Trainer und Jugendleitung dazu entschlossen, zwei Mannschaften zu melden. Der \u00e4ltere Jahrgang wird im 6+1 System spielen, w\u00e4hrend die j\u00fcngeren Spieler im 4+1 Spiel ihr K\u00f6nnen beweisen. Aktuell [&hellip;]<\/p>\n<br\/><br\/><a class=\"read-more\" href=\"https:\/\/www.handball-ulm.de\/?p=4502\"> Mehr lesen...<\/a>","protected":false},"author":1,"featured_media":0,"comment_status":"closed","ping_status":"closed","sticky":false,"template":"","format":"standard","meta":{"ngg_post_thumbnail":0,"footnotes":""},"categories":[25],"tags":[],"_links":{"self":[{"href":"https:\/\/www.handball-ulm.de\/index.php?rest_route=\/wp\/v2\/posts\/4502"}],"collection":[{"href":"https:\/\/www.handball-ulm.de\/index.php?rest_route=\/wp\/v2\/posts"}],"about":[{"href":"https:\/\/www.handball-ulm.de\/index.php?rest_route=\/wp\/v2\/types\/post"}],"author":[{"embeddable":true,"href":"https:\/\/www.handball-ulm.de\/index.php?rest_route=\/wp\/v2\/users\/1"}],"replies":[{"embeddable":true,"href":"https:\/\/www.handball-ulm.de\/index.php?rest_route=%2Fwp%2Fv2%2Fcomments&post=4502"}],"version-history":[{"count":1,"href":"https:\/\/www.handball-ulm.de\/index.php?rest_route=\/wp\/v2\/posts\/4502\/revisions"}],"predecessor-version":[{"id":4503,"href":"https:\/\/www.handball-ulm.de\/index.php?rest_route=\/wp\/v2\/posts\/4502\/revisions\/4503"}],"wp:attachment":[{"href":"https:\/\/www.handball-ulm.de\/index.php?rest_route=%2Fwp%2Fv2%2Fmedia&parent=4502"}],"wp:term":[{"taxonomy":"category","embeddable":true,"href":"https:\/\/www.handball-ulm.de\/index.php?rest_route=%2Fwp%2Fv2%2Fcategories&post=4502"},{"taxonomy":"post_tag","embeddable":true,"href":"https:\/\/www.handball-ulm.de\/index.php?rest_route=%2Fwp%2Fv2%2Ftags&post=4502"}],"curies":[{"name":"wp","href":"https:\/\/api.w.org\/{rel}","templated":true}]}}