{"id":4490,"date":"2020-09-20T23:01:21","date_gmt":"2020-09-20T21:01:21","guid":{"rendered":"https:\/\/www.handball-ulm.de\/?p=4490"},"modified":"2021-09-03T22:46:50","modified_gmt":"2021-09-03T20:46:50","slug":"gemischt-d-saison-bericht-2020-21","status":"publish","type":"post","link":"https:\/\/www.handball-ulm.de\/?p=4490","title":{"rendered":"Gemischt D: Saison Bericht 2020\/21"},"content":{"rendered":"<p>32 Spieler sind derzeit in der D-Jugend aktiv. Da leider die letzte Handballsaison bereits kurz nach Start am dritten Spieltag Corona bedingt beendet werden musste, haben alle Spieler beinahe seit einem Jahr kein Handball mehr gespielt. Wir \u00fcberbr\u00fcckten zwar die Zeit, in der kein Hallentraining m\u00f6glich war, mit 2-maligem Online-Training pro Woche, aber das hat leider mit richtigem Handballtraining sehr wenig zu tun.<\/p>\n<p>So konnte auch der Wechsel der Spieler, die alterm\u00e4\u00dfig von der D-Jugend in die C-Jugend gewechselt sind, nur mittels eines virtuellen Abschieds stattfinden.<\/p>\n<p>Seit Juni d\u00fcrfen wir jetzt endlich wieder gemeinsam trainieren und haben das auch zuerst im Freien und danach wieder in der Halle flei\u00dfig getan.<\/p>\n<p>Dieses Mal stand uns daf\u00fcr auch erstmalig in den Sommerferien die Halle zur Verf\u00fcgung. Der Stadt Ulm an dieser Stelle auch ein gro\u00dfes Dankesch\u00f6n f\u00fcr diese M\u00f6glichkeit. Hoffentlich bleibt dies jetzt auch k\u00fcnftig erhalten.<\/p>\n<p>In der Hallenrunde sind wir mit drei Mannschaften vertreten, so dass alle Spieler ausreichend zum Spielen kommen. Zus\u00e4tzlich werden wir auch noch die C2-Jugend unterst\u00fctzen, da diese Mannschaft etwas wenig Spieler hat.<\/p>\n<p>Aus dem letztj\u00e4hrigen Trainerteam musste sich leider Noah verabschieden, daf\u00fcr sind Louis, Moritz und Patrick dazu gesto\u00dfen.<\/p>\n","protected":false},"excerpt":{"rendered":"<p>32 Spieler sind derzeit in der D-Jugend aktiv. Da leider die letzte Handballsaison bereits kurz nach Start am dritten Spieltag Corona bedingt beendet werden musste, haben alle Spieler beinahe seit einem Jahr kein Handball mehr gespielt. Wir \u00fcberbr\u00fcckten zwar die Zeit, in der kein Hallentraining m\u00f6glich war, mit 2-maligem Online-Training pro Woche, aber das hat [&hellip;]<\/p>\n<br\/><br\/><a class=\"read-more\" href=\"https:\/\/www.handball-ulm.de\/?p=4490\"> Mehr lesen...<\/a>","protected":false},"author":1,"featured_media":0,"comment_status":"closed","ping_status":"closed","sticky":false,"template":"","format":"standard","meta":{"ngg_post_thumbnail":0,"footnotes":""},"categories":[22,23,78],"tags":[],"_links":{"self":[{"href":"https:\/\/www.handball-ulm.de\/index.php?rest_route=\/wp\/v2\/posts\/4490"}],"collection":[{"href":"https:\/\/www.handball-ulm.de\/index.php?rest_route=\/wp\/v2\/posts"}],"about":[{"href":"https:\/\/www.handball-ulm.de\/index.php?rest_route=\/wp\/v2\/types\/post"}],"author":[{"embeddable":true,"href":"https:\/\/www.handball-ulm.de\/index.php?rest_route=\/wp\/v2\/users\/1"}],"replies":[{"embeddable":true,"href":"https:\/\/www.handball-ulm.de\/index.php?rest_route=%2Fwp%2Fv2%2Fcomments&post=4490"}],"version-history":[{"count":2,"href":"https:\/\/www.handball-ulm.de\/index.php?rest_route=\/wp\/v2\/posts\/4490\/revisions"}],"predecessor-version":[{"id":6350,"href":"https:\/\/www.handball-ulm.de\/index.php?rest_route=\/wp\/v2\/posts\/4490\/revisions\/6350"}],"wp:attachment":[{"href":"https:\/\/www.handball-ulm.de\/index.php?rest_route=%2Fwp%2Fv2%2Fmedia&parent=4490"}],"wp:term":[{"taxonomy":"category","embeddable":true,"href":"https:\/\/www.handball-ulm.de\/index.php?rest_route=%2Fwp%2Fv2%2Fcategories&post=4490"},{"taxonomy":"post_tag","embeddable":true,"href":"https:\/\/www.handball-ulm.de\/index.php?rest_route=%2Fwp%2Fv2%2Ftags&post=4490"}],"curies":[{"name":"wp","href":"https:\/\/api.w.org\/{rel}","templated":true}]}}