{"id":4425,"date":"2020-09-20T21:00:19","date_gmt":"2020-09-20T19:00:19","guid":{"rendered":"https:\/\/www.handball-ulm.de\/?p=4425"},"modified":"2020-09-20T21:00:21","modified_gmt":"2020-09-20T19:00:21","slug":"maennlich-b-saison-bericht-2020-2021","status":"publish","type":"post","link":"https:\/\/www.handball-ulm.de\/?p=4425","title":{"rendered":"M\u00e4nnlich B: Saison Bericht 2020\/2021"},"content":{"rendered":"<p><strong>R\u00fcckblick auf die Saison 2018\/2019<\/strong><\/p>\n<p>Nachdem wir die Qualifikation zur Bezirksliga leider knapp verpasst haben, wollten wir zeigen, welches Potential in uns schlummert. Dank tatkr\u00e4ftiger Unterst\u00fctzung Seitens der mC waren wir nach der Hinrunde auf dem 2. Tabellenplatz und wollten uns in der R\u00fcckrunde noch verbessern. Aufgrund des d\u00fcnnen Kaders (nur 6 Spieler aus den Jahrg\u00e4ngen 2003+2004) und einiger ungl\u00fccklichen Spielverl\u00e4ufe musste wir aber unsere Meisterfeierpl\u00e4ne letztendlich leider begraben. Trotzdem freuten wir uns am Saisonsende \u00fcber einen ehrenhaften 2. Platz.<\/p>\n<p><strong>Vorbericht auf die Saison 2019\/2020<\/strong><\/p>\n<p>Aufgrund der Corona-Krise wurde dieses Jahr keine Qualifikation f\u00fcr die Saison 2020\/2021 ausgetragen. Nach zwei Abg\u00e4ngen (Michi + Patrick) und 3 Zug\u00e4ngen (Jonathan, Jonny + Thomas) werden wir aber auch f\u00fcr neue Saison noch tatkr\u00e4ftige Unterst\u00fctzung von der mC ben\u00f6tigen, um unsere Meisterpl\u00e4ne zu realisieren.<\/p>\n<p>Die B-Jugend<\/p>\n","protected":false},"excerpt":{"rendered":"<p>R\u00fcckblick auf die Saison 2018\/2019 Nachdem wir die Qualifikation zur Bezirksliga leider knapp verpasst haben, wollten wir zeigen, welches Potential in uns schlummert. Dank tatkr\u00e4ftiger Unterst\u00fctzung Seitens der mC waren wir nach der Hinrunde auf dem 2. Tabellenplatz und wollten uns in der R\u00fcckrunde noch verbessern. Aufgrund des d\u00fcnnen Kaders (nur 6 Spieler aus den [&hellip;]<\/p>\n<br\/><br\/><a class=\"read-more\" href=\"https:\/\/www.handball-ulm.de\/?p=4425\"> Mehr lesen...<\/a>","protected":false},"author":1,"featured_media":0,"comment_status":"closed","ping_status":"closed","sticky":false,"template":"","format":"standard","meta":{"ngg_post_thumbnail":0,"footnotes":""},"categories":[17],"tags":[],"_links":{"self":[{"href":"https:\/\/www.handball-ulm.de\/index.php?rest_route=\/wp\/v2\/posts\/4425"}],"collection":[{"href":"https:\/\/www.handball-ulm.de\/index.php?rest_route=\/wp\/v2\/posts"}],"about":[{"href":"https:\/\/www.handball-ulm.de\/index.php?rest_route=\/wp\/v2\/types\/post"}],"author":[{"embeddable":true,"href":"https:\/\/www.handball-ulm.de\/index.php?rest_route=\/wp\/v2\/users\/1"}],"replies":[{"embeddable":true,"href":"https:\/\/www.handball-ulm.de\/index.php?rest_route=%2Fwp%2Fv2%2Fcomments&post=4425"}],"version-history":[{"count":1,"href":"https:\/\/www.handball-ulm.de\/index.php?rest_route=\/wp\/v2\/posts\/4425\/revisions"}],"predecessor-version":[{"id":4426,"href":"https:\/\/www.handball-ulm.de\/index.php?rest_route=\/wp\/v2\/posts\/4425\/revisions\/4426"}],"wp:attachment":[{"href":"https:\/\/www.handball-ulm.de\/index.php?rest_route=%2Fwp%2Fv2%2Fmedia&parent=4425"}],"wp:term":[{"taxonomy":"category","embeddable":true,"href":"https:\/\/www.handball-ulm.de\/index.php?rest_route=%2Fwp%2Fv2%2Fcategories&post=4425"},{"taxonomy":"post_tag","embeddable":true,"href":"https:\/\/www.handball-ulm.de\/index.php?rest_route=%2Fwp%2Fv2%2Ftags&post=4425"}],"curies":[{"name":"wp","href":"https:\/\/api.w.org\/{rel}","templated":true}]}}