{"id":4422,"date":"2020-09-20T20:57:55","date_gmt":"2020-09-20T18:57:55","guid":{"rendered":"https:\/\/www.handball-ulm.de\/?p=4422"},"modified":"2020-09-20T21:00:51","modified_gmt":"2020-09-20T19:00:51","slug":"maennlich-a-saison-bericht-2020-2021","status":"publish","type":"post","link":"https:\/\/www.handball-ulm.de\/?p=4422","title":{"rendered":"M\u00e4nnlich A: Saison Bericht 2020\/2021"},"content":{"rendered":"<p><strong>R\u00fcckblick auf die Saison 2019\/2020<\/strong><\/p>\n<p>Nach verpasster Qualifikation f\u00fcr die Verbandsliga galt es f\u00fcr die A-Jugend, erneut eine Saison in der Bezirksliga zu bestreiten. W\u00e4hrend sich Coach Miha f\u00fcr vier Monate ins ferne Asien verabschiedete, galt es f\u00fcr die A-Jugend, das Beste aus der letzten Saison der vier Hauptakteure (Andi, Juli, Flo, Cedric) der vergangen Jahre herauszuholen, die sich in ihre anschlie\u00dfende Karriere bei den Aktiven verabschieden sollten. Leider sollte auch dieses Unterfangen aufgrund von inkonstanten Leistungen keine Fr\u00fcchte tragen und so musste man sich zum Schluss mit einem dritten Platz begn\u00fcgen. Wir bedanken uns bei Andi, Juli, Flo und Cedric und w\u00fcnschen den Vieren alles Gute f\u00fcr die Zukunft und hoffen auf einige spektakul\u00e4re Tore \/ Paraden in der Tannenplatzhalle.<\/p>\n<p><strong>Vorbericht f\u00fcr die Saison 2020\/2021<\/strong><\/p>\n<p>Die Saison 2020\/2021 wird vermutlich verlaufen wie keine zuvor. Nachdem die Qualifikationen f\u00fcr die Ligen abgesagt wurden, wird die m\u00e4nnliche A-Jugend abermals in der Bezirksliga auflaufen. Als Ziel wird trotz schmerzhafter Abg\u00e4nge die Meisterschaft angepeilt. Im \u00dcbrigen soll ein Teil der A Jugendlichen durch Eins\u00e4tze bei unseren Herren 2 an die Aktiven herangef\u00fchrt werden, so dass ein nahtloser \u00dcbergang erfolgen kann. Im Gegenzug werden sich auch B-Jugendliche \u00fcber Eins\u00e4tze in der A-Jugend freuen k\u00f6nnen. Erfreulicherweise d\u00fcrfen wir Joel als Neuzugang begr\u00fc\u00dfen, der vom SC V\u00f6hringen zu uns st\u00f6\u00dft und uns in der kommenden Saison unterst\u00fctzen wird. Des Weiteren ist es der Jugendleitung gelungen Coach Miha davon abzuhalten, ein weiteres Mal w\u00e4hrend der Saison auf Reisen zu gehen, so dass dieser zum ersten Mal eine volle Saison als Trainer bestreiten wird.<\/p>\n<p>Die A-Jugend<\/p>\n","protected":false},"excerpt":{"rendered":"<p>R\u00fcckblick auf die Saison 2019\/2020 Nach verpasster Qualifikation f\u00fcr die Verbandsliga galt es f\u00fcr die A-Jugend, erneut eine Saison in der Bezirksliga zu bestreiten. W\u00e4hrend sich Coach Miha f\u00fcr vier Monate ins ferne Asien verabschiedete, galt es f\u00fcr die A-Jugend, das Beste aus der letzten Saison der vier Hauptakteure (Andi, Juli, Flo, Cedric) der vergangen [&hellip;]<\/p>\n<br\/><br\/><a class=\"read-more\" href=\"https:\/\/www.handball-ulm.de\/?p=4422\"> Mehr lesen...<\/a>","protected":false},"author":1,"featured_media":0,"comment_status":"closed","ping_status":"closed","sticky":false,"template":"","format":"standard","meta":{"ngg_post_thumbnail":0,"footnotes":""},"categories":[15],"tags":[],"_links":{"self":[{"href":"https:\/\/www.handball-ulm.de\/index.php?rest_route=\/wp\/v2\/posts\/4422"}],"collection":[{"href":"https:\/\/www.handball-ulm.de\/index.php?rest_route=\/wp\/v2\/posts"}],"about":[{"href":"https:\/\/www.handball-ulm.de\/index.php?rest_route=\/wp\/v2\/types\/post"}],"author":[{"embeddable":true,"href":"https:\/\/www.handball-ulm.de\/index.php?rest_route=\/wp\/v2\/users\/1"}],"replies":[{"embeddable":true,"href":"https:\/\/www.handball-ulm.de\/index.php?rest_route=%2Fwp%2Fv2%2Fcomments&post=4422"}],"version-history":[{"count":3,"href":"https:\/\/www.handball-ulm.de\/index.php?rest_route=\/wp\/v2\/posts\/4422\/revisions"}],"predecessor-version":[{"id":4427,"href":"https:\/\/www.handball-ulm.de\/index.php?rest_route=\/wp\/v2\/posts\/4422\/revisions\/4427"}],"wp:attachment":[{"href":"https:\/\/www.handball-ulm.de\/index.php?rest_route=%2Fwp%2Fv2%2Fmedia&parent=4422"}],"wp:term":[{"taxonomy":"category","embeddable":true,"href":"https:\/\/www.handball-ulm.de\/index.php?rest_route=%2Fwp%2Fv2%2Fcategories&post=4422"},{"taxonomy":"post_tag","embeddable":true,"href":"https:\/\/www.handball-ulm.de\/index.php?rest_route=%2Fwp%2Fv2%2Ftags&post=4422"}],"curies":[{"name":"wp","href":"https:\/\/api.w.org\/{rel}","templated":true}]}}